{"id":1104,"date":"2021-01-05T16:27:58","date_gmt":"2021-01-05T16:27:58","guid":{"rendered":"https:\/\/sascha-urban.de\/?p=1104"},"modified":"2021-01-05T16:27:58","modified_gmt":"2021-01-05T16:27:58","slug":"der-kleine-achilles","status":"publish","type":"post","link":"https:\/\/sascha-urban.de\/?p=1104","title":{"rendered":"Der kleine Achilles"},"content":{"rendered":"Der kleine Achilles ist ein Filmprojekt von Sebastian Jansen. Ich hatte hier die M\u00f6glichkeit mit Annkristin B\u00fcttner zusammen das Szenenbild zu erstellen. Wir haben gemeissam den Entwurf\u00a0 und den Aufbau umgesetzt. Das war eine sehr spannende Erfahrung weil ich mich auf diesem Gebiet nichtauskannte.\r\n\r\n<!-- \/wp:paragraph --><!-- wp:more -->\r\n\r\n<!--more-->\r\n\r\n<!-- \/wp:more --><!-- wp:heading {\"level\":3} -->\r\n<h3>Der kleine Achilles &#8211; Ein Kinderfilm von Sebastina Jansen<\/h3>\r\n<!-- \/wp:heading --><!-- wp:heading -->\r\n<h4><a href=\"https:\/\/i0.wp.com\/sascha-urban.de\/wp-content\/uploads\/2021\/01\/Achilles_00.jpg?ssl=1\"><img data-attachment-id=\"1105\" data-permalink=\"https:\/\/sascha-urban.de\/?attachment_id=1105\" data-orig-file=\"https:\/\/i0.wp.com\/sascha-urban.de\/wp-content\/uploads\/2021\/01\/Achilles_00.jpg?fit=800%2C600&amp;ssl=1\" data-orig-size=\"800,600\" data-comments-opened=\"0\" data-image-meta=\"{&quot;aperture&quot;:&quot;1.8&quot;,&quot;credit&quot;:&quot;&quot;,&quot;camera&quot;:&quot;Aquaris X Pro&quot;,&quot;caption&quot;:&quot;&quot;,&quot;created_timestamp&quot;:&quot;1534434148&quot;,&quot;copyright&quot;:&quot;&quot;,&quot;focal_length&quot;:&quot;4.36&quot;,&quot;iso&quot;:&quot;106&quot;,&quot;shutter_speed&quot;:&quot;0.00021172983273343&quot;,&quot;title&quot;:&quot;&quot;,&quot;orientation&quot;:&quot;0&quot;}\" data-image-title=\"Achilles_00\" data-image-description=\"\" data-image-caption=\"\" data-medium-file=\"https:\/\/i0.wp.com\/sascha-urban.de\/wp-content\/uploads\/2021\/01\/Achilles_00.jpg?fit=300%2C225&amp;ssl=1\" data-large-file=\"https:\/\/i0.wp.com\/sascha-urban.de\/wp-content\/uploads\/2021\/01\/Achilles_00.jpg?fit=500%2C375&amp;ssl=1\" decoding=\"async\" loading=\"lazy\" class=\"alignnone size-full wp-image-1105\" src=\"https:\/\/i0.wp.com\/sascha-urban.de\/wp-content\/uploads\/2021\/01\/Achilles_00.jpg?resize=620%2C465&#038;ssl=1\" alt=\"\" width=\"620\" height=\"465\" srcset=\"https:\/\/i0.wp.com\/sascha-urban.de\/wp-content\/uploads\/2021\/01\/Achilles_00.jpg?w=800&amp;ssl=1 800w, https:\/\/i0.wp.com\/sascha-urban.de\/wp-content\/uploads\/2021\/01\/Achilles_00.jpg?resize=300%2C225&amp;ssl=1 300w, https:\/\/i0.wp.com\/sascha-urban.de\/wp-content\/uploads\/2021\/01\/Achilles_00.jpg?resize=768%2C576&amp;ssl=1 768w, https:\/\/i0.wp.com\/sascha-urban.de\/wp-content\/uploads\/2021\/01\/Achilles_00.jpg?resize=500%2C375&amp;ssl=1 500w, https:\/\/i0.wp.com\/sascha-urban.de\/wp-content\/uploads\/2021\/01\/Achilles_00.jpg?resize=508%2C381&amp;ssl=1 508w\" sizes=\"(max-width: 620px) 100vw, 620px\" data-recalc-dims=\"1\" \/><\/a><\/h4>\r\n<!-- \/wp:heading --><!-- wp:image {\"id\":865,\"width\":581,\"height\":387,\"linkDestination\":\"custom\"} -->","protected":false},"excerpt":{"rendered":"<p>Der kleine Achilles ist ein Filmprojekt von Sebastian Jansen. Ich hatte hier die M\u00f6glichkeit mit Annkristin B\u00fcttner zusammen das Szenenbild zu erstellen. Wir haben gemeissam den Entwurf\u00a0 und&#8230;<\/p>\n","protected":false},"author":1,"featured_media":1106,"comment_status":"closed","ping_status":"open","sticky":false,"template":"","format":"standard","meta":{"spay_email":"","footnotes":"","jetpack_publicize_message":"","jetpack_is_tweetstorm":false,"jetpack_publicize_feature_enabled":true},"categories":[1],"tags":[],"jetpack_featured_media_url":"https:\/\/i0.wp.com\/sascha-urban.de\/wp-content\/uploads\/2021\/01\/Achilles_01.jpg?fit=4350%2C800&ssl=1","jetpack_publicize_connections":[],"jetpack_sharing_enabled":true,"jetpack_shortlink":"https:\/\/wp.me\/p7xkRg-hO","jetpack-related-posts":[{"id":384,"url":"https:\/\/sascha-urban.de\/?p=384","url_meta":{"origin":1104,"position":0},"title":"GardenConnection","date":"Juli 27, 2017","format":false,"excerpt":"GardenConnection ist eine utopische Idee eines inklusiven Desgins. Durch gezieltes setzen von Spielregeln hebe ich die Welt der Schubladen aus. In unserer Gesellschaft versuchen wir viel zu oft Menschen und allt\u00e4gliches zu kategoriesieren weil es uns unterst\u00fctzt Dinge zu verstehen die wir nicht verstehen, Regeln und Grenzen zu setzen damit\u2026","rel":"","context":"In &quot;Partizipation&quot;","img":{"alt_text":"","src":"https:\/\/i0.wp.com\/sascha-urban.de\/wp-content\/uploads\/2016\/07\/GardenConnection_Abgabepl\u00e4ne_Urban-Masterthesis-2015-1614-e1470077510792.jpg?fit=707%2C500&ssl=1&resize=350%2C200","width":350,"height":200},"classes":[]},{"id":382,"url":"https:\/\/sascha-urban.de\/?p=382","url_meta":{"origin":1104,"position":1},"title":"Fluxus","date":"Juli 28, 2016","format":false,"excerpt":"Fluxus - live dokumentiert Zum 50 j\u00e4hrigen Jubil\u00e4um von Fluxus wurden weltweit Austellungen organisiert. Ein Gro\u00dfteil fand in der Geburtsstadt Wiesbaden statt. Wir bespielten mit unterschiedlichen Ans\u00e4tzen das sogenannte \"Schaufenster\" des Stadtmuseums Wiesbaden mit einer Art interaktiven Austellung. \"Ich sagte zu meiner Mutter dass wir eine Austellung f\u00fcr Fluxus organisieren.\u2026","rel":"","context":"In &quot;Raumentwurf&quot;","img":{"alt_text":"","src":"https:\/\/i0.wp.com\/sascha-urban.de\/wp-content\/uploads\/2016\/07\/Fluxus-Perspektive-Hauptraum-1-e1470076865650.jpg?fit=670%2C445&ssl=1&resize=350%2C200","width":350,"height":200},"classes":[]},{"id":1015,"url":"https:\/\/sascha-urban.de\/?p=1015","url_meta":{"origin":1104,"position":2},"title":"Linked","date":"Juni 11, 2020","format":false,"excerpt":"\u00a0 Linked war das Luminaleprojekt 2020 von der Hochschule Mainz. 15 Masterstudenten haben einen Teil des Historischen Museums Frankfurt in eine Interaktive Installation umgewandelt. Info: Facebook Instagram \u00a0 Das Objekt selber besteht aus zwei Teilen. Die Voragabe war planare Platten zu f\u00fcgen und in eine spannende Form zu bringen. Es\u2026","rel":"","context":"In &quot;Digitaleentw\u00fcrfe&quot;","img":{"alt_text":"","src":"https:\/\/i0.wp.com\/sascha-urban.de\/wp-content\/uploads\/2020\/06\/Linked-Eingang.jpg?fit=600%2C900&ssl=1&resize=350%2C200","width":350,"height":200},"classes":[]},{"id":401,"url":"https:\/\/sascha-urban.de\/?p=401","url_meta":{"origin":1104,"position":3},"title":"Wunsch und Wunder","date":"August 2, 2016","format":false,"excerpt":"Wunsch und Wunder ist ein Theaterst\u00fcck, welches im Jahre 2015 in Saarbr\u00fccken uraufgef\u00fchrt wurde. Wolf Gutjahr erm\u00f6glichte uns in einem Wahlfach, Teil dieses St\u00fcckes zu sein. Zu Beginn des Kurses existierte bereits das fertige B\u00fchnenbild, welches wir erst in einer Generalprobe zu Gesicht bekamen. Zu diesem Zeitpunkt war der Kurs\u2026","rel":"","context":"\u00c4hnlicher Beitrag","img":{"alt_text":"","src":"https:\/\/i0.wp.com\/sascha-urban.de\/wp-content\/uploads\/2016\/07\/Jump-And-Run-1.jpg?fit=1000%2C600&ssl=1&resize=350%2C200","width":350,"height":200},"classes":[]},{"id":776,"url":"https:\/\/sascha-urban.de\/?p=776","url_meta":{"origin":1104,"position":4},"title":"Robolab","date":"April 23, 2017","format":false,"excerpt":"Das Robolab ist ein durch die Carl-Zeiss-Stiftung finanzierte Laboratorium an der Hochschule Mainz. Es ist in die Modellbauwerkstatt integriert und bildet den modernsten und neusten Teil der Werkstatt.\u00a0 Seit dem Mai 2016 bin ich nun haupts\u00e4chlich an der Planung und Ausarbeitung dieses Traktes verantwortlich gewesen. Seit Novermber 2016 ist das\u2026","rel":"","context":"In &quot;Architektur&quot;","img":{"alt_text":"","src":"https:\/\/i0.wp.com\/sascha-urban.de\/wp-content\/uploads\/2017\/04\/Robolab_Fr\u00e4szelle_V03.gif?fit=800%2C754&ssl=1&resize=350%2C200","width":350,"height":200},"classes":[]},{"id":853,"url":"https:\/\/sascha-urban.de\/?p=853","url_meta":{"origin":1104,"position":5},"title":"Platte Deluxe","date":"Mai 12, 2019","format":false,"excerpt":"Bei PlatteDeluxe handelt es sich um meinen ersten M\u00f6belkurs. Hier betreute ich zusammen mit Andreas Kulp das erste Semester der Hochschule Mainz. Aufgabe PlatteDeluxe Projekt 1 MDFire geflammte Oberfl\u00e4che Katrina Tober und Anna Schulte bearbeitete MDF mit Hilfe eines Gasbrenners. Durch das Erhitzen brach die Oberfl\u00e4chenstruktur eindrucksvoll. Fast Lederartig zeigt\u2026","rel":"","context":"In &quot;Lehre&quot;","img":{"alt_text":"","src":"https:\/\/i0.wp.com\/sascha-urban.de\/wp-content\/uploads\/2019\/05\/PlatteDeluxe.jpg?fit=1200%2C675&ssl=1&resize=350%2C200","width":350,"height":200},"classes":[]}],"_links":{"self":[{"href":"https:\/\/sascha-urban.de\/index.php?rest_route=\/wp\/v2\/posts\/1104"}],"collection":[{"href":"https:\/\/sascha-urban.de\/index.php?rest_route=\/wp\/v2\/posts"}],"about":[{"href":"https:\/\/sascha-urban.de\/index.php?rest_route=\/wp\/v2\/types\/post"}],"author":[{"embeddable":true,"href":"https:\/\/sascha-urban.de\/index.php?rest_route=\/wp\/v2\/users\/1"}],"replies":[{"embeddable":true,"href":"https:\/\/sascha-urban.de\/index.php?rest_route=%2Fwp%2Fv2%2Fcomments&post=1104"}],"version-history":[{"count":1,"href":"https:\/\/sascha-urban.de\/index.php?rest_route=\/wp\/v2\/posts\/1104\/revisions"}],"predecessor-version":[{"id":1107,"href":"https:\/\/sascha-urban.de\/index.php?rest_route=\/wp\/v2\/posts\/1104\/revisions\/1107"}],"wp:featuredmedia":[{"embeddable":true,"href":"https:\/\/sascha-urban.de\/index.php?rest_route=\/wp\/v2\/media\/1106"}],"wp:attachment":[{"href":"https:\/\/sascha-urban.de\/index.php?rest_route=%2Fwp%2Fv2%2Fmedia&parent=1104"}],"wp:term":[{"taxonomy":"category","embeddable":true,"href":"https:\/\/sascha-urban.de\/index.php?rest_route=%2Fwp%2Fv2%2Fcategories&post=1104"},{"taxonomy":"post_tag","embeddable":true,"href":"https:\/\/sascha-urban.de\/index.php?rest_route=%2Fwp%2Fv2%2Ftags&post=1104"}],"curies":[{"name":"wp","href":"https:\/\/api.w.org\/{rel}","templated":true}]}}