{"id":380,"date":"2016-07-28T23:15:05","date_gmt":"2016-07-28T23:15:05","guid":{"rendered":"http:\/\/sascha-urban.de\/?p=380"},"modified":"2019-05-12T06:24:04","modified_gmt":"2019-05-12T06:24:04","slug":"bedbunker","status":"publish","type":"post","link":"https:\/\/sascha-urban.de\/?p=380","title":{"rendered":"Bed&#038;Bunker"},"content":{"rendered":"<p><span style=\"font-size: 12pt; font-family: andale mono,monospace;\">\u00dcber 30 000 Bunker pr\u00e4gen das Landschaftsbild des kleinen Staates Albanien. Man findet diese in den Bergen, St\u00e4dten, D\u00f6rfen und auch an den K\u00fcsten.&nbsp; Bis heute bleiben diese Zeitzeugen einer d\u00fcsteren Vergangenheit als ungewollte Mahnmale im Landschaftsbild dieses Landes zur\u00fcck.&nbsp; <\/span><\/p>\n<p><span style=\"font-size: 12pt; font-family: andale mono,monospace;\">bed&amp;bunker hauchte diesen grauen Grabsteinen wieder neues Leben ein!<\/span><\/p>\n<h3><!--more--><\/h3>\n<h3 style=\"text-align: left;\">bed&amp;bunker<\/h3>\n<p><img data-attachment-id=\"309\" data-permalink=\"https:\/\/sascha-urban.de\/?attachment_id=309\" data-orig-file=\"https:\/\/i0.wp.com\/sascha-urban.de\/wp-content\/uploads\/2016\/07\/Landschaft-Tale.jpg?fit=1350%2C900&amp;ssl=1\" data-orig-size=\"1350,900\" data-comments-opened=\"0\" data-image-meta=\"{&quot;aperture&quot;:&quot;0&quot;,&quot;credit&quot;:&quot;&quot;,&quot;camera&quot;:&quot;&quot;,&quot;caption&quot;:&quot;&quot;,&quot;created_timestamp&quot;:&quot;0&quot;,&quot;copyright&quot;:&quot;&quot;,&quot;focal_length&quot;:&quot;0&quot;,&quot;iso&quot;:&quot;0&quot;,&quot;shutter_speed&quot;:&quot;0&quot;,&quot;title&quot;:&quot;&quot;,&quot;orientation&quot;:&quot;0&quot;}\" data-image-title=\"Landschaft-Tale\" data-image-description=\"\" data-image-caption=\"\" data-medium-file=\"https:\/\/i0.wp.com\/sascha-urban.de\/wp-content\/uploads\/2016\/07\/Landschaft-Tale.jpg?fit=300%2C200&amp;ssl=1\" data-large-file=\"https:\/\/i0.wp.com\/sascha-urban.de\/wp-content\/uploads\/2016\/07\/Landschaft-Tale.jpg?fit=500%2C333&amp;ssl=1\" decoding=\"async\" loading=\"lazy\" class=\"size-large wp-image-309 aligncenter\" src=\"https:\/\/i0.wp.com\/sascha-urban.de\/wp-content\/uploads\/2016\/07\/Landschaft-Tale-1024x683.jpg?resize=620%2C414\" alt=\"Landschaft-Tale\" width=\"620\" height=\"414\" srcset=\"https:\/\/i0.wp.com\/sascha-urban.de\/wp-content\/uploads\/2016\/07\/Landschaft-Tale.jpg?resize=1024%2C683&amp;ssl=1 1024w, https:\/\/i0.wp.com\/sascha-urban.de\/wp-content\/uploads\/2016\/07\/Landschaft-Tale.jpg?resize=300%2C200&amp;ssl=1 300w, https:\/\/i0.wp.com\/sascha-urban.de\/wp-content\/uploads\/2016\/07\/Landschaft-Tale.jpg?resize=768%2C512&amp;ssl=1 768w, https:\/\/i0.wp.com\/sascha-urban.de\/wp-content\/uploads\/2016\/07\/Landschaft-Tale.jpg?resize=840%2C560&amp;ssl=1 840w, https:\/\/i0.wp.com\/sascha-urban.de\/wp-content\/uploads\/2016\/07\/Landschaft-Tale.jpg?w=1350&amp;ssl=1 1350w, https:\/\/i0.wp.com\/sascha-urban.de\/wp-content\/uploads\/2016\/07\/Landschaft-Tale.jpg?w=1240&amp;ssl=1 1240w\" sizes=\"(max-width: 620px) 100vw, 620px\" data-recalc-dims=\"1\" \/><\/p>\n<p><img data-attachment-id=\"303\" data-permalink=\"https:\/\/sascha-urban.de\/?attachment_id=303\" data-orig-file=\"https:\/\/i0.wp.com\/sascha-urban.de\/wp-content\/uploads\/2016\/07\/IMG_8034-e1470077085874.jpg?fit=750%2C500&amp;ssl=1\" data-orig-size=\"750,500\" data-comments-opened=\"0\" data-image-meta=\"{&quot;aperture&quot;:&quot;0&quot;,&quot;credit&quot;:&quot;&quot;,&quot;camera&quot;:&quot;&quot;,&quot;caption&quot;:&quot;&quot;,&quot;created_timestamp&quot;:&quot;0&quot;,&quot;copyright&quot;:&quot;&quot;,&quot;focal_length&quot;:&quot;0&quot;,&quot;iso&quot;:&quot;0&quot;,&quot;shutter_speed&quot;:&quot;0&quot;,&quot;title&quot;:&quot;&quot;,&quot;orientation&quot;:&quot;0&quot;}\" data-image-title=\"IMG_8034\" data-image-description=\"\" data-image-caption=\"\" data-medium-file=\"https:\/\/i0.wp.com\/sascha-urban.de\/wp-content\/uploads\/2016\/07\/IMG_8034-e1470077085874.jpg?fit=300%2C200&amp;ssl=1\" data-large-file=\"https:\/\/i0.wp.com\/sascha-urban.de\/wp-content\/uploads\/2016\/07\/IMG_8034-e1470077085874.jpg?fit=500%2C333&amp;ssl=1\" decoding=\"async\" loading=\"lazy\" class=\"alignnone size-large wp-image-303\" src=\"https:\/\/i0.wp.com\/sascha-urban.de\/wp-content\/uploads\/2016\/07\/IMG_8034-1024x682.jpg?resize=620%2C413\" alt=\"IMG_8034\" width=\"620\" height=\"413\"  data-recalc-dims=\"1\"><\/p>\n<p>&nbsp;<\/p>\n<p>In den kleinen K\u00fcstenort Lezeh fand die Initiatorin des Projektes Iva Strephi 4 verlassene Bunker mit Blick zum Meer. Diese sollten uns nun f\u00fcr einen Zeitraum von 6 Monaten besch\u00e4ftigen. In Zusammenarbeit mit der Universit\u00e4t Polis in Tirana erabeitete ein Team aus ca. 20 Studenten einen Entwurf f\u00fcr eine Schutzh\u00fctte. Das Ganze sollte ein R\u00fcckzugsort f\u00fcr Individualtouristen werden. Gleichzeitig wollten wir das Bild von Albanien in der Welt hierdurch in ein besseres Licht r\u00fccken.<\/p>\n<p>Mehrere Wochen Planung trugen uns bis zur Realisierungsphase nach Albanien. Innerhalb von zwei Wochen sollte die Schutzh\u00fctte stehen und den benachbarten Bauern als zus\u00e4tzliche Einkommensquelle dienen.<\/p>\n<p><img data-attachment-id=\"291\" data-permalink=\"https:\/\/sascha-urban.de\/?attachment_id=291\" data-orig-file=\"https:\/\/i0.wp.com\/sascha-urban.de\/wp-content\/uploads\/2016\/07\/Bed-and-Bunker_harte-Arbeit-beim-Versuch-die-Gesch\u00fctz\u00f6ffnung-auf-zu-ziehen.jpg?fit=2000%2C1333&amp;ssl=1\" data-orig-size=\"2000,1333\" data-comments-opened=\"0\" data-image-meta=\"{&quot;aperture&quot;:&quot;0&quot;,&quot;credit&quot;:&quot;&quot;,&quot;camera&quot;:&quot;&quot;,&quot;caption&quot;:&quot;&quot;,&quot;created_timestamp&quot;:&quot;0&quot;,&quot;copyright&quot;:&quot;&quot;,&quot;focal_length&quot;:&quot;0&quot;,&quot;iso&quot;:&quot;0&quot;,&quot;shutter_speed&quot;:&quot;0&quot;,&quot;title&quot;:&quot;&quot;,&quot;orientation&quot;:&quot;0&quot;}\" data-image-title=\"Bed-and-Bunker_harte-Arbeit-beim-Versuch-die-Gesch\u00fctz\u00f6ffnung-auf-zu-ziehen\" data-image-description=\"\" data-image-caption=\"\" data-medium-file=\"https:\/\/i0.wp.com\/sascha-urban.de\/wp-content\/uploads\/2016\/07\/Bed-and-Bunker_harte-Arbeit-beim-Versuch-die-Gesch\u00fctz\u00f6ffnung-auf-zu-ziehen.jpg?fit=300%2C200&amp;ssl=1\" data-large-file=\"https:\/\/i0.wp.com\/sascha-urban.de\/wp-content\/uploads\/2016\/07\/Bed-and-Bunker_harte-Arbeit-beim-Versuch-die-Gesch\u00fctz\u00f6ffnung-auf-zu-ziehen.jpg?fit=500%2C333&amp;ssl=1\" decoding=\"async\" loading=\"lazy\" class=\"alignnone size-large wp-image-291\" src=\"https:\/\/i0.wp.com\/sascha-urban.de\/wp-content\/uploads\/2016\/07\/Bed-and-Bunker_harte-Arbeit-beim-Versuch-die-Gesch\u00fctz\u00f6ffnung-auf-zu-ziehen-1024x682.jpg?resize=620%2C413\" alt=\"Bed-and-Bunker_harte-Arbeit-beim-Versuch-die-Gesch\u00fctz\u00f6ffnung-auf-zu-ziehen\" width=\"620\" height=\"413\" srcset=\"https:\/\/i0.wp.com\/sascha-urban.de\/wp-content\/uploads\/2016\/07\/Bed-and-Bunker_harte-Arbeit-beim-Versuch-die-Gesch\u00fctz\u00f6ffnung-auf-zu-ziehen.jpg?resize=1024%2C682&amp;ssl=1 1024w, https:\/\/i0.wp.com\/sascha-urban.de\/wp-content\/uploads\/2016\/07\/Bed-and-Bunker_harte-Arbeit-beim-Versuch-die-Gesch\u00fctz\u00f6ffnung-auf-zu-ziehen.jpg?resize=300%2C200&amp;ssl=1 300w, https:\/\/i0.wp.com\/sascha-urban.de\/wp-content\/uploads\/2016\/07\/Bed-and-Bunker_harte-Arbeit-beim-Versuch-die-Gesch\u00fctz\u00f6ffnung-auf-zu-ziehen.jpg?resize=768%2C512&amp;ssl=1 768w, https:\/\/i0.wp.com\/sascha-urban.de\/wp-content\/uploads\/2016\/07\/Bed-and-Bunker_harte-Arbeit-beim-Versuch-die-Gesch\u00fctz\u00f6ffnung-auf-zu-ziehen.jpg?resize=840%2C560&amp;ssl=1 840w, https:\/\/i0.wp.com\/sascha-urban.de\/wp-content\/uploads\/2016\/07\/Bed-and-Bunker_harte-Arbeit-beim-Versuch-die-Gesch\u00fctz\u00f6ffnung-auf-zu-ziehen.jpg?w=2000&amp;ssl=1 2000w, https:\/\/i0.wp.com\/sascha-urban.de\/wp-content\/uploads\/2016\/07\/Bed-and-Bunker_harte-Arbeit-beim-Versuch-die-Gesch\u00fctz\u00f6ffnung-auf-zu-ziehen.jpg?w=1240&amp;ssl=1 1240w, https:\/\/i0.wp.com\/sascha-urban.de\/wp-content\/uploads\/2016\/07\/Bed-and-Bunker_harte-Arbeit-beim-Versuch-die-Gesch\u00fctz\u00f6ffnung-auf-zu-ziehen.jpg?w=1860&amp;ssl=1 1860w\" sizes=\"(max-width: 620px) 100vw, 620px\" data-recalc-dims=\"1\" \/><\/p>\n<p><img data-attachment-id=\"297\" data-permalink=\"https:\/\/sascha-urban.de\/?attachment_id=297\" data-orig-file=\"https:\/\/i0.wp.com\/sascha-urban.de\/wp-content\/uploads\/2016\/07\/DSC00810.jpg?fit=2000%2C2667&amp;ssl=1\" data-orig-size=\"2000,2667\" data-comments-opened=\"0\" data-image-meta=\"{&quot;aperture&quot;:&quot;0&quot;,&quot;credit&quot;:&quot;&quot;,&quot;camera&quot;:&quot;&quot;,&quot;caption&quot;:&quot;&quot;,&quot;created_timestamp&quot;:&quot;0&quot;,&quot;copyright&quot;:&quot;&quot;,&quot;focal_length&quot;:&quot;0&quot;,&quot;iso&quot;:&quot;0&quot;,&quot;shutter_speed&quot;:&quot;0&quot;,&quot;title&quot;:&quot;&quot;,&quot;orientation&quot;:&quot;0&quot;}\" data-image-title=\"DSC00810\" data-image-description=\"\" data-image-caption=\"\" data-medium-file=\"https:\/\/i0.wp.com\/sascha-urban.de\/wp-content\/uploads\/2016\/07\/DSC00810.jpg?fit=225%2C300&amp;ssl=1\" data-large-file=\"https:\/\/i0.wp.com\/sascha-urban.de\/wp-content\/uploads\/2016\/07\/DSC00810.jpg?fit=375%2C500&amp;ssl=1\" decoding=\"async\" loading=\"lazy\" class=\"alignnone wp-image-297\" src=\"https:\/\/i0.wp.com\/sascha-urban.de\/wp-content\/uploads\/2016\/07\/DSC00810-768x1024.jpg?resize=613%2C814\" alt=\"DSC00810\" width=\"613\" height=\"814\" srcset=\"https:\/\/i0.wp.com\/sascha-urban.de\/wp-content\/uploads\/2016\/07\/DSC00810.jpg?resize=225%2C300&amp;ssl=1 225w, https:\/\/i0.wp.com\/sascha-urban.de\/wp-content\/uploads\/2016\/07\/DSC00810.jpg?zoom=2&amp;resize=613%2C814&amp;ssl=1 1226w, https:\/\/i0.wp.com\/sascha-urban.de\/wp-content\/uploads\/2016\/07\/DSC00810.jpg?zoom=3&amp;resize=613%2C814&amp;ssl=1 1839w\" sizes=\"(max-width: 613px) 100vw, 613px\" data-recalc-dims=\"1\" \/><\/p>\n<p>&nbsp;<\/p>\n<p><img data-attachment-id=\"295\" data-permalink=\"https:\/\/sascha-urban.de\/?attachment_id=295\" data-orig-file=\"https:\/\/i0.wp.com\/sascha-urban.de\/wp-content\/uploads\/2016\/07\/Bed-and-Bunker_Sonnendeck.jpg?fit=2000%2C1320&amp;ssl=1\" data-orig-size=\"2000,1320\" data-comments-opened=\"0\" data-image-meta=\"{&quot;aperture&quot;:&quot;0&quot;,&quot;credit&quot;:&quot;&quot;,&quot;camera&quot;:&quot;&quot;,&quot;caption&quot;:&quot;&quot;,&quot;created_timestamp&quot;:&quot;0&quot;,&quot;copyright&quot;:&quot;&quot;,&quot;focal_length&quot;:&quot;0&quot;,&quot;iso&quot;:&quot;0&quot;,&quot;shutter_speed&quot;:&quot;0&quot;,&quot;title&quot;:&quot;&quot;,&quot;orientation&quot;:&quot;0&quot;}\" data-image-title=\"Bed-and-Bunker_Sonnendeck\" data-image-description=\"\" data-image-caption=\"\" data-medium-file=\"https:\/\/i0.wp.com\/sascha-urban.de\/wp-content\/uploads\/2016\/07\/Bed-and-Bunker_Sonnendeck.jpg?fit=300%2C198&amp;ssl=1\" data-large-file=\"https:\/\/i0.wp.com\/sascha-urban.de\/wp-content\/uploads\/2016\/07\/Bed-and-Bunker_Sonnendeck.jpg?fit=500%2C330&amp;ssl=1\" decoding=\"async\" loading=\"lazy\" class=\"alignnone size-large wp-image-295\" src=\"https:\/\/i0.wp.com\/sascha-urban.de\/wp-content\/uploads\/2016\/07\/Bed-and-Bunker_Sonnendeck-1024x676.jpg?resize=620%2C409\" alt=\"Bed-and-Bunker_Sonnendeck\" width=\"620\" height=\"409\" srcset=\"https:\/\/i0.wp.com\/sascha-urban.de\/wp-content\/uploads\/2016\/07\/Bed-and-Bunker_Sonnendeck.jpg?resize=1024%2C676&amp;ssl=1 1024w, https:\/\/i0.wp.com\/sascha-urban.de\/wp-content\/uploads\/2016\/07\/Bed-and-Bunker_Sonnendeck.jpg?resize=300%2C198&amp;ssl=1 300w, https:\/\/i0.wp.com\/sascha-urban.de\/wp-content\/uploads\/2016\/07\/Bed-and-Bunker_Sonnendeck.jpg?resize=768%2C507&amp;ssl=1 768w, https:\/\/i0.wp.com\/sascha-urban.de\/wp-content\/uploads\/2016\/07\/Bed-and-Bunker_Sonnendeck.jpg?resize=840%2C554&amp;ssl=1 840w, https:\/\/i0.wp.com\/sascha-urban.de\/wp-content\/uploads\/2016\/07\/Bed-and-Bunker_Sonnendeck.jpg?w=2000&amp;ssl=1 2000w, https:\/\/i0.wp.com\/sascha-urban.de\/wp-content\/uploads\/2016\/07\/Bed-and-Bunker_Sonnendeck.jpg?w=1240&amp;ssl=1 1240w, https:\/\/i0.wp.com\/sascha-urban.de\/wp-content\/uploads\/2016\/07\/Bed-and-Bunker_Sonnendeck.jpg?w=1860&amp;ssl=1 1860w\" sizes=\"(max-width: 620px) 100vw, 620px\" data-recalc-dims=\"1\" \/><\/p>\n<p><img data-attachment-id=\"292\" data-permalink=\"https:\/\/sascha-urban.de\/?attachment_id=292\" data-orig-file=\"https:\/\/i0.wp.com\/sascha-urban.de\/wp-content\/uploads\/2016\/07\/Bed-and-Bunker_Innenraum-mit-flexibel-nutzbaren-Leuchten.jpg?fit=1334%2C2000&amp;ssl=1\" data-orig-size=\"1334,2000\" data-comments-opened=\"0\" data-image-meta=\"{&quot;aperture&quot;:&quot;0&quot;,&quot;credit&quot;:&quot;&quot;,&quot;camera&quot;:&quot;&quot;,&quot;caption&quot;:&quot;&quot;,&quot;created_timestamp&quot;:&quot;0&quot;,&quot;copyright&quot;:&quot;&quot;,&quot;focal_length&quot;:&quot;0&quot;,&quot;iso&quot;:&quot;0&quot;,&quot;shutter_speed&quot;:&quot;0&quot;,&quot;title&quot;:&quot;&quot;,&quot;orientation&quot;:&quot;0&quot;}\" data-image-title=\"Bed-and-Bunker_Innenraum-mit-flexibel-nutzbaren-Leuchten\" data-image-description=\"\" data-image-caption=\"\" data-medium-file=\"https:\/\/i0.wp.com\/sascha-urban.de\/wp-content\/uploads\/2016\/07\/Bed-and-Bunker_Innenraum-mit-flexibel-nutzbaren-Leuchten.jpg?fit=200%2C300&amp;ssl=1\" data-large-file=\"https:\/\/i0.wp.com\/sascha-urban.de\/wp-content\/uploads\/2016\/07\/Bed-and-Bunker_Innenraum-mit-flexibel-nutzbaren-Leuchten.jpg?fit=333%2C500&amp;ssl=1\" decoding=\"async\" loading=\"lazy\" class=\"alignnone size-large wp-image-292\" src=\"https:\/\/i0.wp.com\/sascha-urban.de\/wp-content\/uploads\/2016\/07\/Bed-and-Bunker_Innenraum-mit-flexibel-nutzbaren-Leuchten-683x1024.jpg?resize=333%2C500\" alt=\"Bed-and-Bunker_Innenraum-mit-flexibel-nutzbaren-Leuchten\" width=\"333\" height=\"500\" srcset=\"https:\/\/i0.wp.com\/sascha-urban.de\/wp-content\/uploads\/2016\/07\/Bed-and-Bunker_Innenraum-mit-flexibel-nutzbaren-Leuchten.jpg?resize=683%2C1024&amp;ssl=1 683w, https:\/\/i0.wp.com\/sascha-urban.de\/wp-content\/uploads\/2016\/07\/Bed-and-Bunker_Innenraum-mit-flexibel-nutzbaren-Leuchten.jpg?resize=200%2C300&amp;ssl=1 200w, https:\/\/i0.wp.com\/sascha-urban.de\/wp-content\/uploads\/2016\/07\/Bed-and-Bunker_Innenraum-mit-flexibel-nutzbaren-Leuchten.jpg?resize=768%2C1151&amp;ssl=1 768w, https:\/\/i0.wp.com\/sascha-urban.de\/wp-content\/uploads\/2016\/07\/Bed-and-Bunker_Innenraum-mit-flexibel-nutzbaren-Leuchten.jpg?resize=840%2C1259&amp;ssl=1 840w, https:\/\/i0.wp.com\/sascha-urban.de\/wp-content\/uploads\/2016\/07\/Bed-and-Bunker_Innenraum-mit-flexibel-nutzbaren-Leuchten.jpg?w=1334&amp;ssl=1 1334w, https:\/\/i0.wp.com\/sascha-urban.de\/wp-content\/uploads\/2016\/07\/Bed-and-Bunker_Innenraum-mit-flexibel-nutzbaren-Leuchten.jpg?w=1240&amp;ssl=1 1240w\" sizes=\"(max-width: 333px) 100vw, 333px\" data-recalc-dims=\"1\" \/><\/p>\n<p>&nbsp;<\/p>\n<p><img data-attachment-id=\"293\" data-permalink=\"https:\/\/sascha-urban.de\/?attachment_id=293\" data-orig-file=\"https:\/\/i0.wp.com\/sascha-urban.de\/wp-content\/uploads\/2016\/07\/Bed-and-Bunker-Innenraum-von-Kueche-aus-gesehen-.jpg?fit=2000%2C1287&amp;ssl=1\" data-orig-size=\"2000,1287\" data-comments-opened=\"0\" data-image-meta=\"{&quot;aperture&quot;:&quot;0&quot;,&quot;credit&quot;:&quot;&quot;,&quot;camera&quot;:&quot;&quot;,&quot;caption&quot;:&quot;&quot;,&quot;created_timestamp&quot;:&quot;0&quot;,&quot;copyright&quot;:&quot;&quot;,&quot;focal_length&quot;:&quot;0&quot;,&quot;iso&quot;:&quot;0&quot;,&quot;shutter_speed&quot;:&quot;0&quot;,&quot;title&quot;:&quot;&quot;,&quot;orientation&quot;:&quot;0&quot;}\" data-image-title=\"Bed-and-Bunker-Innenraum-von-Kueche-aus-gesehen-\" data-image-description=\"\" data-image-caption=\"\" data-medium-file=\"https:\/\/i0.wp.com\/sascha-urban.de\/wp-content\/uploads\/2016\/07\/Bed-and-Bunker-Innenraum-von-Kueche-aus-gesehen-.jpg?fit=300%2C193&amp;ssl=1\" data-large-file=\"https:\/\/i0.wp.com\/sascha-urban.de\/wp-content\/uploads\/2016\/07\/Bed-and-Bunker-Innenraum-von-Kueche-aus-gesehen-.jpg?fit=500%2C322&amp;ssl=1\" decoding=\"async\" loading=\"lazy\" class=\"alignnone size-large wp-image-293\" src=\"https:\/\/i0.wp.com\/sascha-urban.de\/wp-content\/uploads\/2016\/07\/Bed-and-Bunker-Innenraum-von-Kueche-aus-gesehen--1024x659.jpg?resize=620%2C399\" alt=\"Bed-and-Bunker-Innenraum-von-Kueche-aus-gesehen-\" width=\"620\" height=\"399\" srcset=\"https:\/\/i0.wp.com\/sascha-urban.de\/wp-content\/uploads\/2016\/07\/Bed-and-Bunker-Innenraum-von-Kueche-aus-gesehen-.jpg?resize=1024%2C659&amp;ssl=1 1024w, https:\/\/i0.wp.com\/sascha-urban.de\/wp-content\/uploads\/2016\/07\/Bed-and-Bunker-Innenraum-von-Kueche-aus-gesehen-.jpg?resize=300%2C193&amp;ssl=1 300w, https:\/\/i0.wp.com\/sascha-urban.de\/wp-content\/uploads\/2016\/07\/Bed-and-Bunker-Innenraum-von-Kueche-aus-gesehen-.jpg?resize=768%2C494&amp;ssl=1 768w, https:\/\/i0.wp.com\/sascha-urban.de\/wp-content\/uploads\/2016\/07\/Bed-and-Bunker-Innenraum-von-Kueche-aus-gesehen-.jpg?resize=840%2C541&amp;ssl=1 840w, https:\/\/i0.wp.com\/sascha-urban.de\/wp-content\/uploads\/2016\/07\/Bed-and-Bunker-Innenraum-von-Kueche-aus-gesehen-.jpg?w=2000&amp;ssl=1 2000w, https:\/\/i0.wp.com\/sascha-urban.de\/wp-content\/uploads\/2016\/07\/Bed-and-Bunker-Innenraum-von-Kueche-aus-gesehen-.jpg?w=1240&amp;ssl=1 1240w, https:\/\/i0.wp.com\/sascha-urban.de\/wp-content\/uploads\/2016\/07\/Bed-and-Bunker-Innenraum-von-Kueche-aus-gesehen-.jpg?w=1860&amp;ssl=1 1860w\" sizes=\"(max-width: 620px) 100vw, 620px\" data-recalc-dims=\"1\" \/> <img data-attachment-id=\"296\" data-permalink=\"https:\/\/sascha-urban.de\/?attachment_id=296\" data-orig-file=\"https:\/\/i0.wp.com\/sascha-urban.de\/wp-content\/uploads\/2016\/07\/Bed-and-Bunker-Blick-auf-fertiggestellte-Liegelandschaft-2.jpg?fit=2000%2C1068&amp;ssl=1\" data-orig-size=\"2000,1068\" data-comments-opened=\"0\" data-image-meta=\"{&quot;aperture&quot;:&quot;0&quot;,&quot;credit&quot;:&quot;&quot;,&quot;camera&quot;:&quot;&quot;,&quot;caption&quot;:&quot;&quot;,&quot;created_timestamp&quot;:&quot;0&quot;,&quot;copyright&quot;:&quot;&quot;,&quot;focal_length&quot;:&quot;0&quot;,&quot;iso&quot;:&quot;0&quot;,&quot;shutter_speed&quot;:&quot;0&quot;,&quot;title&quot;:&quot;&quot;,&quot;orientation&quot;:&quot;0&quot;}\" data-image-title=\"Bed-and-Bunker-Blick-auf-fertiggestellte-Liegelandschaft-2\" data-image-description=\"\" data-image-caption=\"\" data-medium-file=\"https:\/\/i0.wp.com\/sascha-urban.de\/wp-content\/uploads\/2016\/07\/Bed-and-Bunker-Blick-auf-fertiggestellte-Liegelandschaft-2.jpg?fit=300%2C160&amp;ssl=1\" data-large-file=\"https:\/\/i0.wp.com\/sascha-urban.de\/wp-content\/uploads\/2016\/07\/Bed-and-Bunker-Blick-auf-fertiggestellte-Liegelandschaft-2.jpg?fit=500%2C267&amp;ssl=1\" decoding=\"async\" loading=\"lazy\" class=\"alignnone size-large wp-image-296\" src=\"https:\/\/i0.wp.com\/sascha-urban.de\/wp-content\/uploads\/2016\/07\/Bed-and-Bunker-Blick-auf-fertiggestellte-Liegelandschaft-2-1024x547.jpg?resize=620%2C331\" alt=\"Bed-and-Bunker-Blick-auf-fertiggestellte-Liegelandschaft-2\" width=\"620\" height=\"331\" srcset=\"https:\/\/i0.wp.com\/sascha-urban.de\/wp-content\/uploads\/2016\/07\/Bed-and-Bunker-Blick-auf-fertiggestellte-Liegelandschaft-2.jpg?resize=1024%2C547&amp;ssl=1 1024w, https:\/\/i0.wp.com\/sascha-urban.de\/wp-content\/uploads\/2016\/07\/Bed-and-Bunker-Blick-auf-fertiggestellte-Liegelandschaft-2.jpg?resize=300%2C160&amp;ssl=1 300w, https:\/\/i0.wp.com\/sascha-urban.de\/wp-content\/uploads\/2016\/07\/Bed-and-Bunker-Blick-auf-fertiggestellte-Liegelandschaft-2.jpg?resize=768%2C410&amp;ssl=1 768w, https:\/\/i0.wp.com\/sascha-urban.de\/wp-content\/uploads\/2016\/07\/Bed-and-Bunker-Blick-auf-fertiggestellte-Liegelandschaft-2.jpg?resize=840%2C449&amp;ssl=1 840w, https:\/\/i0.wp.com\/sascha-urban.de\/wp-content\/uploads\/2016\/07\/Bed-and-Bunker-Blick-auf-fertiggestellte-Liegelandschaft-2.jpg?w=2000&amp;ssl=1 2000w, https:\/\/i0.wp.com\/sascha-urban.de\/wp-content\/uploads\/2016\/07\/Bed-and-Bunker-Blick-auf-fertiggestellte-Liegelandschaft-2.jpg?w=1240&amp;ssl=1 1240w, https:\/\/i0.wp.com\/sascha-urban.de\/wp-content\/uploads\/2016\/07\/Bed-and-Bunker-Blick-auf-fertiggestellte-Liegelandschaft-2.jpg?w=1860&amp;ssl=1 1860w\" sizes=\"(max-width: 620px) 100vw, 620px\" data-recalc-dims=\"1\" \/><\/p>\n<p><img data-attachment-id=\"290\" data-permalink=\"https:\/\/sascha-urban.de\/?attachment_id=290\" data-orig-file=\"https:\/\/i0.wp.com\/sascha-urban.de\/wp-content\/uploads\/2016\/07\/Bed-and-Bunker_-Gruppenbild-Deutsche-und-Albaner.jpg?fit=3456%2C3456&amp;ssl=1\" data-orig-size=\"3456,3456\" data-comments-opened=\"0\" data-image-meta=\"{&quot;aperture&quot;:&quot;0&quot;,&quot;credit&quot;:&quot;&quot;,&quot;camera&quot;:&quot;&quot;,&quot;caption&quot;:&quot;&quot;,&quot;created_timestamp&quot;:&quot;0&quot;,&quot;copyright&quot;:&quot;&quot;,&quot;focal_length&quot;:&quot;0&quot;,&quot;iso&quot;:&quot;0&quot;,&quot;shutter_speed&quot;:&quot;0&quot;,&quot;title&quot;:&quot;&quot;,&quot;orientation&quot;:&quot;0&quot;}\" data-image-title=\"Bed-and-Bunker_-Gruppenbild-Deutsche-und-Albaner\" data-image-description=\"\" data-image-caption=\"\" data-medium-file=\"https:\/\/i0.wp.com\/sascha-urban.de\/wp-content\/uploads\/2016\/07\/Bed-and-Bunker_-Gruppenbild-Deutsche-und-Albaner.jpg?fit=300%2C300&amp;ssl=1\" data-large-file=\"https:\/\/i0.wp.com\/sascha-urban.de\/wp-content\/uploads\/2016\/07\/Bed-and-Bunker_-Gruppenbild-Deutsche-und-Albaner.jpg?fit=500%2C500&amp;ssl=1\" decoding=\"async\" loading=\"lazy\" class=\"alignnone wp-image-290\" src=\"https:\/\/i0.wp.com\/sascha-urban.de\/wp-content\/uploads\/2016\/07\/Bed-and-Bunker_-Gruppenbild-Deutsche-und-Albaner-1024x1024.jpg?resize=614%2C614\" alt=\"Bed-and-Bunker_-Gruppenbild-Deutsche-und-Albaner\" width=\"614\" height=\"614\" srcset=\"https:\/\/i0.wp.com\/sascha-urban.de\/wp-content\/uploads\/2016\/07\/Bed-and-Bunker_-Gruppenbild-Deutsche-und-Albaner.jpg?resize=1024%2C1024&amp;ssl=1 1024w, https:\/\/i0.wp.com\/sascha-urban.de\/wp-content\/uploads\/2016\/07\/Bed-and-Bunker_-Gruppenbild-Deutsche-und-Albaner.jpg?resize=150%2C150&amp;ssl=1 150w, https:\/\/i0.wp.com\/sascha-urban.de\/wp-content\/uploads\/2016\/07\/Bed-and-Bunker_-Gruppenbild-Deutsche-und-Albaner.jpg?resize=300%2C300&amp;ssl=1 300w, https:\/\/i0.wp.com\/sascha-urban.de\/wp-content\/uploads\/2016\/07\/Bed-and-Bunker_-Gruppenbild-Deutsche-und-Albaner.jpg?resize=768%2C768&amp;ssl=1 768w, https:\/\/i0.wp.com\/sascha-urban.de\/wp-content\/uploads\/2016\/07\/Bed-and-Bunker_-Gruppenbild-Deutsche-und-Albaner.jpg?resize=840%2C840&amp;ssl=1 840w, https:\/\/i0.wp.com\/sascha-urban.de\/wp-content\/uploads\/2016\/07\/Bed-and-Bunker_-Gruppenbild-Deutsche-und-Albaner.jpg?resize=480%2C480&amp;ssl=1 480w, https:\/\/i0.wp.com\/sascha-urban.de\/wp-content\/uploads\/2016\/07\/Bed-and-Bunker_-Gruppenbild-Deutsche-und-Albaner.jpg?resize=50%2C50&amp;ssl=1 50w, https:\/\/i0.wp.com\/sascha-urban.de\/wp-content\/uploads\/2016\/07\/Bed-and-Bunker_-Gruppenbild-Deutsche-und-Albaner.jpg?w=1240&amp;ssl=1 1240w, https:\/\/i0.wp.com\/sascha-urban.de\/wp-content\/uploads\/2016\/07\/Bed-and-Bunker_-Gruppenbild-Deutsche-und-Albaner.jpg?w=1860&amp;ssl=1 1860w\" sizes=\"(max-width: 614px) 100vw, 614px\" data-recalc-dims=\"1\" \/><\/p>\n<p>&nbsp;<\/p>\n<p>Der Bunker bietet Platz f\u00fcr rund 10 Personen und war mit dem n\u00f6tigsten Komfort ausgestattet. Es finden sich im Inneren Strom f\u00fcr Licht und Ladem\u00f6glichketen, eine Kochstelle und eine Waschzelle.<\/p>\n<p>Wir entschieden uns f\u00fcr einfachste Materialien, was nat\u00fcrlich auch aus unseren wenigen Vorkenntnissen der Infrasturktur geschuldet war. Doch am Ende war es auch die Ehrlichkeit mit dem Umgang des Bunkers und der Umgebung die den Ausbau dieser Art wiederspiegelt.<\/p>\n<p>&nbsp;<\/p>\n<p>Innerhalb der zwei Wochen enstand damit der Grundstein eines kommenden Tourismuszweiges. Leider konnten wir unser Projekt aus lokalpolitschen Gr\u00fcnden nicht zu Ende bringen. Dennoch war es f\u00fcr uns ein Erfolg.<\/p>\n<p>&nbsp;<\/p>\n<p class=\"jetpack-slideshow-noscript robots-nocontent\">Diese Diashow ben\u00f6tigt JavaScript.<\/p><div id=\"gallery-380-1-slideshow\" class=\"slideshow-window jetpack-slideshow slideshow-black\" data-trans=\"fade\" data-autostart=\"1\" data-gallery=\"[{&quot;src&quot;:&quot;https:\\\/\\\/i0.wp.com\\\/sascha-urban.de\\\/wp-content\\\/uploads\\\/2016\\\/07\\\/IMG_8034-e1470077085874.jpg?fit=750%2C500\\u0026ssl=1&quot;,&quot;id&quot;:&quot;303&quot;,&quot;title&quot;:&quot;IMG_8034&quot;,&quot;alt&quot;:&quot;&quot;,&quot;caption&quot;:&quot;&quot;,&quot;itemprop&quot;:&quot;image&quot;},{&quot;src&quot;:&quot;https:\\\/\\\/i0.wp.com\\\/sascha-urban.de\\\/wp-content\\\/uploads\\\/2016\\\/07\\\/IMG_8166.jpg?fit=2000%2C1333\\u0026ssl=1&quot;,&quot;id&quot;:&quot;304&quot;,&quot;title&quot;:&quot;IMG_8166&quot;,&quot;alt&quot;:&quot;&quot;,&quot;caption&quot;:&quot;&quot;,&quot;itemprop&quot;:&quot;image&quot;},{&quot;src&quot;:&quot;https:\\\/\\\/i0.wp.com\\\/sascha-urban.de\\\/wp-content\\\/uploads\\\/2016\\\/07\\\/DSC00851.jpg?fit=2000%2C1500\\u0026ssl=1&quot;,&quot;id&quot;:&quot;300&quot;,&quot;title&quot;:&quot;DSC00851&quot;,&quot;alt&quot;:&quot;&quot;,&quot;caption&quot;:&quot;&quot;,&quot;itemprop&quot;:&quot;image&quot;},{&quot;src&quot;:&quot;https:\\\/\\\/i0.wp.com\\\/sascha-urban.de\\\/wp-content\\\/uploads\\\/2016\\\/07\\\/DSC00849.jpg?fit=2000%2C1500\\u0026ssl=1&quot;,&quot;id&quot;:&quot;299&quot;,&quot;title&quot;:&quot;DSC00849&quot;,&quot;alt&quot;:&quot;&quot;,&quot;caption&quot;:&quot;&quot;,&quot;itemprop&quot;:&quot;image&quot;},{&quot;src&quot;:&quot;https:\\\/\\\/i0.wp.com\\\/sascha-urban.de\\\/wp-content\\\/uploads\\\/2016\\\/07\\\/Bed-and-Bunker-Innenraum-von-Kueche-aus-gesehen-.jpg?fit=2000%2C1287\\u0026ssl=1&quot;,&quot;id&quot;:&quot;293&quot;,&quot;title&quot;:&quot;Bed-and-Bunker-Innenraum-von-Kueche-aus-gesehen-&quot;,&quot;alt&quot;:&quot;&quot;,&quot;caption&quot;:&quot;&quot;,&quot;itemprop&quot;:&quot;image&quot;},{&quot;src&quot;:&quot;https:\\\/\\\/i0.wp.com\\\/sascha-urban.de\\\/wp-content\\\/uploads\\\/2016\\\/07\\\/Bed-and-Bunker_Sonnendeck.jpg?fit=2000%2C1320\\u0026ssl=1&quot;,&quot;id&quot;:&quot;295&quot;,&quot;title&quot;:&quot;Bed-and-Bunker_Sonnendeck&quot;,&quot;alt&quot;:&quot;&quot;,&quot;caption&quot;:&quot;&quot;,&quot;itemprop&quot;:&quot;image&quot;},{&quot;src&quot;:&quot;https:\\\/\\\/i0.wp.com\\\/sascha-urban.de\\\/wp-content\\\/uploads\\\/2016\\\/07\\\/Background_01.jpg?fit=3996%2C2248\\u0026ssl=1&quot;,&quot;id&quot;:&quot;294&quot;,&quot;title&quot;:&quot;Background_01&quot;,&quot;alt&quot;:&quot;&quot;,&quot;caption&quot;:&quot;&quot;,&quot;itemprop&quot;:&quot;image&quot;},{&quot;src&quot;:&quot;https:\\\/\\\/i0.wp.com\\\/sascha-urban.de\\\/wp-content\\\/uploads\\\/2016\\\/07\\\/Bed-and-Bunker_Innenraum-mit-flexibel-nutzbaren-Leuchten.jpg?fit=1334%2C2000\\u0026ssl=1&quot;,&quot;id&quot;:&quot;292&quot;,&quot;title&quot;:&quot;Bed-and-Bunker_Innenraum-mit-flexibel-nutzbaren-Leuchten&quot;,&quot;alt&quot;:&quot;&quot;,&quot;caption&quot;:&quot;&quot;,&quot;itemprop&quot;:&quot;image&quot;},{&quot;src&quot;:&quot;https:\\\/\\\/i0.wp.com\\\/sascha-urban.de\\\/wp-content\\\/uploads\\\/2016\\\/07\\\/Bed-and-Bunker-Blick-auf-fertiggestellte-Liegelandschaft-2.jpg?fit=2000%2C1068\\u0026ssl=1&quot;,&quot;id&quot;:&quot;296&quot;,&quot;title&quot;:&quot;Bed-and-Bunker-Blick-auf-fertiggestellte-Liegelandschaft-2&quot;,&quot;alt&quot;:&quot;&quot;,&quot;caption&quot;:&quot;&quot;,&quot;itemprop&quot;:&quot;image&quot;},{&quot;src&quot;:&quot;https:\\\/\\\/i0.wp.com\\\/sascha-urban.de\\\/wp-content\\\/uploads\\\/2016\\\/05\\\/1Bunker-Draufsicht-innen-f\\u00fcr-Schnitte-A4.jpg?fit=2366%2C1720\\u0026ssl=1&quot;,&quot;id&quot;:&quot;165&quot;,&quot;title&quot;:&quot;Bunker Draufsicht innen (f\\u00fcr Schnitte) A4&quot;,&quot;alt&quot;:&quot;&quot;,&quot;caption&quot;:&quot;&quot;,&quot;itemprop&quot;:&quot;image&quot;},{&quot;src&quot;:&quot;https:\\\/\\\/i0.wp.com\\\/sascha-urban.de\\\/wp-content\\\/uploads\\\/2016\\\/05\\\/9Bunker-Ansicht-Stauraum-A4.jpg?fit=3502%2C2364\\u0026ssl=1&quot;,&quot;id&quot;:&quot;168&quot;,&quot;title&quot;:&quot;Bunker Ansicht Stauraum A4&quot;,&quot;alt&quot;:&quot;&quot;,&quot;caption&quot;:&quot;&quot;,&quot;itemprop&quot;:&quot;image&quot;},{&quot;src&quot;:&quot;https:\\\/\\\/i0.wp.com\\\/sascha-urban.de\\\/wp-content\\\/uploads\\\/2016\\\/05\\\/12Bunker-Treppe-Draufsicht.jpg?fit=2366%2C3508\\u0026ssl=1&quot;,&quot;id&quot;:&quot;169&quot;,&quot;title&quot;:&quot;Bunker Treppe draufsicht&quot;,&quot;alt&quot;:&quot;&quot;,&quot;caption&quot;:&quot;&quot;,&quot;itemprop&quot;:&quot;image&quot;},{&quot;src&quot;:&quot;https:\\\/\\\/i0.wp.com\\\/sascha-urban.de\\\/wp-content\\\/uploads\\\/2016\\\/05\\\/14Bunker-Schnitt-Plattform_bearbeitet_blau_20121202.jpg?fit=4961%2C3508\\u0026ssl=1&quot;,&quot;id&quot;:&quot;171&quot;,&quot;title&quot;:&quot;Bunker Schnitt Platform&quot;,&quot;alt&quot;:&quot;&quot;,&quot;caption&quot;:&quot;&quot;,&quot;itemprop&quot;:&quot;image&quot;},{&quot;src&quot;:&quot;https:\\\/\\\/i0.wp.com\\\/sascha-urban.de\\\/wp-content\\\/uploads\\\/2016\\\/05\\\/Bunker-Lageplan.jpg?fit=886%2C627\\u0026ssl=1&quot;,&quot;id&quot;:&quot;173&quot;,&quot;title&quot;:&quot;Bunkerplattfomr oben&quot;,&quot;alt&quot;:&quot;&quot;,&quot;caption&quot;:&quot;&quot;,&quot;itemprop&quot;:&quot;image&quot;},{&quot;src&quot;:&quot;https:\\\/\\\/i0.wp.com\\\/sascha-urban.de\\\/wp-content\\\/uploads\\\/2016\\\/07\\\/IMG_0148.jpg?fit=2000%2C1500\\u0026ssl=1&quot;,&quot;id&quot;:&quot;301&quot;,&quot;title&quot;:&quot;IMG_0148&quot;,&quot;alt&quot;:&quot;&quot;,&quot;caption&quot;:&quot;&quot;,&quot;itemprop&quot;:&quot;image&quot;},{&quot;src&quot;:&quot;https:\\\/\\\/i0.wp.com\\\/sascha-urban.de\\\/wp-content\\\/uploads\\\/2016\\\/07\\\/IMG_0960.jpg?fit=2000%2C1124\\u0026ssl=1&quot;,&quot;id&quot;:&quot;302&quot;,&quot;title&quot;:&quot;IMG_0960&quot;,&quot;alt&quot;:&quot;&quot;,&quot;caption&quot;:&quot;&quot;,&quot;itemprop&quot;:&quot;image&quot;},{&quot;src&quot;:&quot;https:\\\/\\\/i0.wp.com\\\/sascha-urban.de\\\/wp-content\\\/uploads\\\/2016\\\/07\\\/Bunker_Einrichtung_Boden.jpg?fit=1349%2C900\\u0026ssl=1&quot;,&quot;id&quot;:&quot;306&quot;,&quot;title&quot;:&quot;Bunker_Einrichtung_Boden&quot;,&quot;alt&quot;:&quot;&quot;,&quot;caption&quot;:&quot;&quot;,&quot;itemprop&quot;:&quot;image&quot;},{&quot;src&quot;:&quot;https:\\\/\\\/i0.wp.com\\\/sascha-urban.de\\\/wp-content\\\/uploads\\\/2016\\\/07\\\/DSC00832.jpg?fit=2000%2C1500\\u0026ssl=1&quot;,&quot;id&quot;:&quot;298&quot;,&quot;title&quot;:&quot;DSC00832&quot;,&quot;alt&quot;:&quot;&quot;,&quot;caption&quot;:&quot;&quot;,&quot;itemprop&quot;:&quot;image&quot;}]\" itemscope itemtype=\"https:\/\/schema.org\/ImageGallery\"><\/div>\n<p>&nbsp;<\/p>\n<p><!--more--><\/p>\n<p>&nbsp;<\/p>\n<p><span class=\"embed-youtube\" style=\"text-align:center; display: block;\"><iframe loading=\"lazy\" class=\"youtube-player\" width=\"620\" height=\"349\" src=\"https:\/\/www.youtube.com\/embed\/PnooPf_Q_k4?version=3&#038;rel=1&#038;showsearch=0&#038;showinfo=1&#038;iv_load_policy=1&#038;fs=1&#038;hl=de-DE&#038;autohide=2&#038;wmode=transparent\" allowfullscreen=\"true\" style=\"border:0;\" sandbox=\"allow-scripts allow-same-origin allow-popups allow-presentation\"><\/iframe><\/span><\/p>\n<p>&nbsp;<\/p>\n<p><span class=\"embed-youtube\" style=\"text-align:center; display: block;\"><iframe loading=\"lazy\" class=\"youtube-player\" width=\"620\" height=\"349\" src=\"https:\/\/www.youtube.com\/embed\/F2Rjfi7T-g4?version=3&#038;rel=1&#038;showsearch=0&#038;showinfo=1&#038;iv_load_policy=1&#038;fs=1&#038;hl=de-DE&#038;autohide=2&#038;wmode=transparent\" allowfullscreen=\"true\" style=\"border:0;\" sandbox=\"allow-scripts allow-same-origin allow-popups allow-presentation\"><\/iframe><\/span><\/p>\n<p>&nbsp;<\/p>\n<p><span class=\"embed-youtube\" style=\"text-align:center; display: block;\"><iframe loading=\"lazy\" class=\"youtube-player\" width=\"620\" height=\"349\" src=\"https:\/\/www.youtube.com\/embed\/q-YycZb53Y0?version=3&#038;rel=1&#038;showsearch=0&#038;showinfo=1&#038;iv_load_policy=1&#038;fs=1&#038;hl=de-DE&#038;autohide=2&#038;wmode=transparent\" allowfullscreen=\"true\" style=\"border:0;\" sandbox=\"allow-scripts allow-same-origin allow-popups allow-presentation\"><\/iframe><\/span><\/p>\n","protected":false},"excerpt":{"rendered":"<p>\u00dcber 30 000 Bunker pr\u00e4gen das Landschaftsbild des kleinen Staates Albanien. Man findet diese in den Bergen, St\u00e4dten, D\u00f6rfen und auch an den K\u00fcsten.&nbsp; Bis heute bleiben diese&#8230;<\/p>\n","protected":false},"author":1,"featured_media":303,"comment_status":"closed","ping_status":"open","sticky":false,"template":"","format":"standard","meta":{"spay_email":"","footnotes":"","jetpack_publicize_message":"","jetpack_is_tweetstorm":false,"jetpack_publicize_feature_enabled":true},"categories":[11,1],"tags":[115,179,178,174,176,181,175,177,180,123],"jetpack_featured_media_url":"https:\/\/i0.wp.com\/sascha-urban.de\/wp-content\/uploads\/2016\/07\/IMG_8034-e1470077085874.jpg?fit=750%2C500&ssl=1","jetpack_publicize_connections":[],"jetpack_sharing_enabled":true,"jetpack_shortlink":"https:\/\/wp.me\/p7xkRg-68","jetpack-related-posts":[{"id":735,"url":"https:\/\/sascha-urban.de\/?p=735","url_meta":{"origin":380,"position":0},"title":"Spanwerk 05","date":"M\u00e4rz 15, 2017","format":false,"excerpt":"Klemmbrett ist ein Stecksystem aus einfachen Baumarktlatten und gefr\u00e4sten Haltern. Auch bei diesem System lag der Fokus auf einer nicht verleimten und einfach gesteckten Verbindung. Dabei handelt es sich hier um den ersten Prototyp. Das Material von den Haltern ist noch nicht vollst\u00e4ndig gekl\u00e4rt. Die CNC hat hier auch wieder\u2026","rel":"","context":"In &quot;M\u00f6beldesign&quot;","img":{"alt_text":"","src":"https:\/\/i0.wp.com\/sascha-urban.de\/wp-content\/uploads\/2017\/03\/Klemmbrett01.gif?fit=800%2C533&ssl=1&resize=350%2C200","width":350,"height":200},"classes":[]},{"id":853,"url":"https:\/\/sascha-urban.de\/?p=853","url_meta":{"origin":380,"position":1},"title":"Platte Deluxe","date":"Mai 12, 2019","format":false,"excerpt":"Bei PlatteDeluxe handelt es sich um meinen ersten M\u00f6belkurs. Hier betreute ich zusammen mit Andreas Kulp das erste Semester der Hochschule Mainz. Aufgabe PlatteDeluxe Projekt 1 MDFire geflammte Oberfl\u00e4che Katrina Tober und Anna Schulte bearbeitete MDF mit Hilfe eines Gasbrenners. Durch das Erhitzen brach die Oberfl\u00e4chenstruktur eindrucksvoll. Fast Lederartig zeigt\u2026","rel":"","context":"In &quot;Lehre&quot;","img":{"alt_text":"","src":"https:\/\/i0.wp.com\/sascha-urban.de\/wp-content\/uploads\/2019\/05\/PlatteDeluxe.jpg?fit=1200%2C675&ssl=1&resize=350%2C200","width":350,"height":200},"classes":[]},{"id":382,"url":"https:\/\/sascha-urban.de\/?p=382","url_meta":{"origin":380,"position":2},"title":"Fluxus","date":"Juli 28, 2016","format":false,"excerpt":"Fluxus - live dokumentiert Zum 50 j\u00e4hrigen Jubil\u00e4um von Fluxus wurden weltweit Austellungen organisiert. Ein Gro\u00dfteil fand in der Geburtsstadt Wiesbaden statt. Wir bespielten mit unterschiedlichen Ans\u00e4tzen das sogenannte \"Schaufenster\" des Stadtmuseums Wiesbaden mit einer Art interaktiven Austellung. \"Ich sagte zu meiner Mutter dass wir eine Austellung f\u00fcr Fluxus organisieren.\u2026","rel":"","context":"In &quot;Raumentwurf&quot;","img":{"alt_text":"","src":"https:\/\/i0.wp.com\/sascha-urban.de\/wp-content\/uploads\/2016\/07\/Fluxus-Perspektive-Hauptraum-1-e1470076865650.jpg?fit=670%2C445&ssl=1&resize=350%2C200","width":350,"height":200},"classes":[]},{"id":716,"url":"https:\/\/sascha-urban.de\/?p=716","url_meta":{"origin":380,"position":3},"title":"Spanwerk  01","date":"M\u00e4rz 6, 2017","format":false,"excerpt":"Der Aufr\u00e4umer ist ein Kistensystem was individuel in der Gr\u00f6\u00dfe angepasst werden kann. Das System ist so konstruiert das selbst bei einer d\u00fcnne Wandungsst\u00e4rke eine hohe stabilit\u00e4t erzielen wird. Das System ist stapelbar und kann selbst zusammengebaut werden. Spanwerk - Aufr\u00e4umer \u00a0 Die Kisten haben in diesem Beispiel ein 300er\u2026","rel":"","context":"In &quot;Produkt&quot;","img":{"alt_text":"","src":"https:\/\/i0.wp.com\/sascha-urban.de\/wp-content\/uploads\/2017\/03\/Kisten-zusammen.gif?fit=800%2C720&ssl=1&resize=350%2C200","width":350,"height":200},"classes":[]},{"id":1015,"url":"https:\/\/sascha-urban.de\/?p=1015","url_meta":{"origin":380,"position":4},"title":"Linked","date":"Juni 11, 2020","format":false,"excerpt":"\u00a0 Linked war das Luminaleprojekt 2020 von der Hochschule Mainz. 15 Masterstudenten haben einen Teil des Historischen Museums Frankfurt in eine Interaktive Installation umgewandelt. Info: Facebook Instagram \u00a0 Das Objekt selber besteht aus zwei Teilen. Die Voragabe war planare Platten zu f\u00fcgen und in eine spannende Form zu bringen. Es\u2026","rel":"","context":"In &quot;Digitaleentw\u00fcrfe&quot;","img":{"alt_text":"","src":"https:\/\/i0.wp.com\/sascha-urban.de\/wp-content\/uploads\/2020\/06\/Linked-Eingang.jpg?fit=600%2C900&ssl=1&resize=350%2C200","width":350,"height":200},"classes":[]},{"id":403,"url":"https:\/\/sascha-urban.de\/?p=403","url_meta":{"origin":380,"position":5},"title":"Saint Gobain","date":"August 2, 2016","format":false,"excerpt":"Glas ist ein Produkt, das uns allt\u00e4glich umgibt. Es gilt schon fast als selbstverst\u00e4ndlich. Wir hatten das Gl\u00fcck in die Produktwelt der Firma Saint Gobain einzutauchen. So entstanden ganz neue Eindr\u00fccke der Glasherstellungen. Welche Verfahren und welche Unterschiede in der Herstellung es gibt. Produktentwurf Zusammenarbeit mit Franziska Mammitzsch und Bernd\u2026","rel":"","context":"In &quot;Produkt&quot;","img":{"alt_text":"","src":"https:\/\/i0.wp.com\/sascha-urban.de\/wp-content\/uploads\/2016\/07\/Mannheim_Fluid_flie\u00dft2-e1470855511800.jpg?fit=749%2C500&ssl=1&resize=350%2C200","width":350,"height":200},"classes":[]}],"_links":{"self":[{"href":"https:\/\/sascha-urban.de\/index.php?rest_route=\/wp\/v2\/posts\/380"}],"collection":[{"href":"https:\/\/sascha-urban.de\/index.php?rest_route=\/wp\/v2\/posts"}],"about":[{"href":"https:\/\/sascha-urban.de\/index.php?rest_route=\/wp\/v2\/types\/post"}],"author":[{"embeddable":true,"href":"https:\/\/sascha-urban.de\/index.php?rest_route=\/wp\/v2\/users\/1"}],"replies":[{"embeddable":true,"href":"https:\/\/sascha-urban.de\/index.php?rest_route=%2Fwp%2Fv2%2Fcomments&post=380"}],"version-history":[{"count":9,"href":"https:\/\/sascha-urban.de\/index.php?rest_route=\/wp\/v2\/posts\/380\/revisions"}],"predecessor-version":[{"id":900,"href":"https:\/\/sascha-urban.de\/index.php?rest_route=\/wp\/v2\/posts\/380\/revisions\/900"}],"wp:featuredmedia":[{"embeddable":true,"href":"https:\/\/sascha-urban.de\/index.php?rest_route=\/wp\/v2\/media\/303"}],"wp:attachment":[{"href":"https:\/\/sascha-urban.de\/index.php?rest_route=%2Fwp%2Fv2%2Fmedia&parent=380"}],"wp:term":[{"taxonomy":"category","embeddable":true,"href":"https:\/\/sascha-urban.de\/index.php?rest_route=%2Fwp%2Fv2%2Fcategories&post=380"},{"taxonomy":"post_tag","embeddable":true,"href":"https:\/\/sascha-urban.de\/index.php?rest_route=%2Fwp%2Fv2%2Ftags&post=380"}],"curies":[{"name":"wp","href":"https:\/\/api.w.org\/{rel}","templated":true}]}}