{"id":382,"date":"2016-07-28T23:17:26","date_gmt":"2016-07-28T23:17:26","guid":{"rendered":"http:\/\/sascha-urban.de\/?p=382"},"modified":"2019-05-12T06:21:03","modified_gmt":"2019-05-12T06:21:03","slug":"fluxus","status":"publish","type":"post","link":"https:\/\/sascha-urban.de\/?p=382","title":{"rendered":"Fluxus"},"content":{"rendered":"<h3><strong><span style=\"font-size: 18pt;\">Fluxus &#8211; live dokumentiert<\/span><\/strong><\/h3>\n<p><span style=\"font-family: andale mono,monospace; font-size: 12pt;\">Zum 50 j\u00e4hrigen Jubil\u00e4um von Fluxus wurden weltweit Austellungen organisiert. Ein Gro\u00dfteil fand in der Geburtsstadt Wiesbaden statt. Wir bespielten mit unterschiedlichen Ans\u00e4tzen das sogenannte &#8222;Schaufenster&#8220; des Stadtmuseums Wiesbaden mit einer Art interaktiven Austellung.<\/span><\/p>\n<p><!--more--><\/p>\n<p><a href=\"https:\/\/i0.wp.com\/sascha-urban.de\/wp-content\/uploads\/2016\/07\/Fluxus-live-dokumentiert.jpg\"><img data-attachment-id=\"282\" data-permalink=\"https:\/\/sascha-urban.de\/?attachment_id=282\" data-orig-file=\"https:\/\/i0.wp.com\/sascha-urban.de\/wp-content\/uploads\/2016\/07\/Fluxus-live-dokumentiert.jpg?fit=1340%2C890&amp;ssl=1\" data-orig-size=\"1340,890\" data-comments-opened=\"0\" data-image-meta=\"{&quot;aperture&quot;:&quot;3.8&quot;,&quot;credit&quot;:&quot;&quot;,&quot;camera&quot;:&quot;NIKON D5000&quot;,&quot;caption&quot;:&quot;&quot;,&quot;created_timestamp&quot;:&quot;1338646470&quot;,&quot;copyright&quot;:&quot;&quot;,&quot;focal_length&quot;:&quot;24&quot;,&quot;iso&quot;:&quot;1600&quot;,&quot;shutter_speed&quot;:&quot;0.016666666666667&quot;,&quot;title&quot;:&quot;&quot;,&quot;orientation&quot;:&quot;1&quot;}\" data-image-title=\"Fluxus live dokumentiert\" data-image-description=\"\" data-image-caption=\"\" data-medium-file=\"https:\/\/i0.wp.com\/sascha-urban.de\/wp-content\/uploads\/2016\/07\/Fluxus-live-dokumentiert.jpg?fit=300%2C199&amp;ssl=1\" data-large-file=\"https:\/\/i0.wp.com\/sascha-urban.de\/wp-content\/uploads\/2016\/07\/Fluxus-live-dokumentiert.jpg?fit=500%2C332&amp;ssl=1\" decoding=\"async\" loading=\"lazy\" class=\"alignnone wp-image-282 size-large\" src=\"https:\/\/i0.wp.com\/sascha-urban.de\/wp-content\/uploads\/2016\/07\/Fluxus-live-dokumentiert-1024x680.jpg?resize=620%2C412\" alt=\"Fluxus live dokumentiert\" width=\"620\" height=\"412\" srcset=\"https:\/\/i0.wp.com\/sascha-urban.de\/wp-content\/uploads\/2016\/07\/Fluxus-live-dokumentiert.jpg?resize=1024%2C680&amp;ssl=1 1024w, https:\/\/i0.wp.com\/sascha-urban.de\/wp-content\/uploads\/2016\/07\/Fluxus-live-dokumentiert.jpg?resize=300%2C199&amp;ssl=1 300w, https:\/\/i0.wp.com\/sascha-urban.de\/wp-content\/uploads\/2016\/07\/Fluxus-live-dokumentiert.jpg?resize=768%2C510&amp;ssl=1 768w, https:\/\/i0.wp.com\/sascha-urban.de\/wp-content\/uploads\/2016\/07\/Fluxus-live-dokumentiert.jpg?resize=840%2C558&amp;ssl=1 840w, https:\/\/i0.wp.com\/sascha-urban.de\/wp-content\/uploads\/2016\/07\/Fluxus-live-dokumentiert.jpg?w=1340&amp;ssl=1 1340w, https:\/\/i0.wp.com\/sascha-urban.de\/wp-content\/uploads\/2016\/07\/Fluxus-live-dokumentiert.jpg?w=1240&amp;ssl=1 1240w\" sizes=\"(max-width: 620px) 100vw, 620px\" data-recalc-dims=\"1\" \/><\/a><\/p>\n<blockquote><p>&#8222;Ich sagte zu meiner Mutter dass wir eine Austellung f\u00fcr Fluxus organisieren. Darauf fragte sie mich ob das ein Waschmittel ist.&#8220;<\/p><\/blockquote>\n<p><img data-attachment-id=\"283\" data-permalink=\"https:\/\/sascha-urban.de\/?attachment_id=283\" data-orig-file=\"https:\/\/i0.wp.com\/sascha-urban.de\/wp-content\/uploads\/2016\/07\/Fluxus-Fernseh-Hauptraum.jpg?fit=670%2C445&amp;ssl=1\" data-orig-size=\"670,445\" data-comments-opened=\"0\" data-image-meta=\"{&quot;aperture&quot;:&quot;3.8&quot;,&quot;credit&quot;:&quot;&quot;,&quot;camera&quot;:&quot;NIKON D5000&quot;,&quot;caption&quot;:&quot;&quot;,&quot;created_timestamp&quot;:&quot;1338644524&quot;,&quot;copyright&quot;:&quot;&quot;,&quot;focal_length&quot;:&quot;21&quot;,&quot;iso&quot;:&quot;1600&quot;,&quot;shutter_speed&quot;:&quot;0.033333333333333&quot;,&quot;title&quot;:&quot;&quot;,&quot;orientation&quot;:&quot;1&quot;}\" data-image-title=\"Fluxus Fernseh Hauptraum\" data-image-description=\"\" data-image-caption=\"\" data-medium-file=\"https:\/\/i0.wp.com\/sascha-urban.de\/wp-content\/uploads\/2016\/07\/Fluxus-Fernseh-Hauptraum.jpg?fit=300%2C199&amp;ssl=1\" data-large-file=\"https:\/\/i0.wp.com\/sascha-urban.de\/wp-content\/uploads\/2016\/07\/Fluxus-Fernseh-Hauptraum.jpg?fit=500%2C332&amp;ssl=1\" decoding=\"async\" loading=\"lazy\" class=\"alignnone size-full wp-image-283\" src=\"https:\/\/i0.wp.com\/sascha-urban.de\/wp-content\/uploads\/2016\/07\/Fluxus-Fernseh-Hauptraum.jpg?resize=620%2C412\" alt=\"Fluxus Fernseh Hauptraum\" width=\"620\" height=\"412\" srcset=\"https:\/\/i0.wp.com\/sascha-urban.de\/wp-content\/uploads\/2016\/07\/Fluxus-Fernseh-Hauptraum.jpg?w=670&amp;ssl=1 670w, https:\/\/i0.wp.com\/sascha-urban.de\/wp-content\/uploads\/2016\/07\/Fluxus-Fernseh-Hauptraum.jpg?resize=300%2C199&amp;ssl=1 300w\" sizes=\"(max-width: 620px) 100vw, 620px\" data-recalc-dims=\"1\" \/><\/p>\n<p><span style=\"font-family: andale mono,monospace; font-size: 12pt;\">Wir hatten bis dato keine Ahnung was Fluxus ist und welche Auswirkung diese Kunstrichtung auf die Gesellschaft hat. Wir hatten aber ein gro\u00dfes Team aus Kuratoren, Innenarchitekten, Mediendesignern, Handwerkern und eine gro\u00dfe Lagerhalle von alter Fernsehtechnik aus den 50er und 60er Jahren. Letzteres sollte ein wesentlicher Bestandteil der Austellung werden.<\/span><br \/>\n<span style=\"font-family: andale mono,monospace; font-size: 12pt;\"> Fluxus ist \u00fcber die Jahre in Vergessenheit geraten und das Team sollte dies zum Thema machen. Was ist Fluxus, was ist eine Dokumentation, wie wird es dokumentiert und kann es auch heute noch eine Rolle spielen? Wie schafft man die Verk\u00fcpfung zu den anderen Standorten? <\/span><\/p>\n<p><span style=\"font-family: andale mono,monospace; font-size: 12pt;\">\u00dcber diese und noch mehrere Fragen gelangten wir zu dem Ausdruck Speichermedium. In Verbindung mit den Fernsehapparaten kam uns das Bild einer Platine in den Kopf.<\/span><\/p>\n<p><img data-attachment-id=\"289\" data-permalink=\"https:\/\/sascha-urban.de\/?attachment_id=289\" data-orig-file=\"https:\/\/i0.wp.com\/sascha-urban.de\/wp-content\/uploads\/2016\/07\/fluxus7.jpg?fit=788%2C380&amp;ssl=1\" data-orig-size=\"788,380\" data-comments-opened=\"0\" data-image-meta=\"{&quot;aperture&quot;:&quot;0&quot;,&quot;credit&quot;:&quot;&quot;,&quot;camera&quot;:&quot;&quot;,&quot;caption&quot;:&quot;&quot;,&quot;created_timestamp&quot;:&quot;0&quot;,&quot;copyright&quot;:&quot;Ver\\u221a\\u2202ffentlichung nur gegen Honorar und Belegexemplar\\nSparkasse Mainz, BLZ 550 501 20\\nKonto    12 000 139&quot;,&quot;focal_length&quot;:&quot;0&quot;,&quot;iso&quot;:&quot;0&quot;,&quot;shutter_speed&quot;:&quot;0&quot;,&quot;title&quot;:&quot;&quot;,&quot;orientation&quot;:&quot;0&quot;}\" data-image-title=\"fluxus7\" data-image-description=\"\" data-image-caption=\"\" data-medium-file=\"https:\/\/i0.wp.com\/sascha-urban.de\/wp-content\/uploads\/2016\/07\/fluxus7.jpg?fit=300%2C145&amp;ssl=1\" data-large-file=\"https:\/\/i0.wp.com\/sascha-urban.de\/wp-content\/uploads\/2016\/07\/fluxus7.jpg?fit=500%2C241&amp;ssl=1\" decoding=\"async\" loading=\"lazy\" class=\"alignnone size-full wp-image-289\" src=\"https:\/\/i0.wp.com\/sascha-urban.de\/wp-content\/uploads\/2016\/07\/fluxus7.jpg?resize=620%2C299\" alt=\"fluxus7\" width=\"620\" height=\"299\" srcset=\"https:\/\/i0.wp.com\/sascha-urban.de\/wp-content\/uploads\/2016\/07\/fluxus7.jpg?w=788&amp;ssl=1 788w, https:\/\/i0.wp.com\/sascha-urban.de\/wp-content\/uploads\/2016\/07\/fluxus7.jpg?resize=300%2C145&amp;ssl=1 300w, https:\/\/i0.wp.com\/sascha-urban.de\/wp-content\/uploads\/2016\/07\/fluxus7.jpg?resize=768%2C370&amp;ssl=1 768w\" sizes=\"(max-width: 620px) 100vw, 620px\" data-recalc-dims=\"1\" \/><\/p>\n<p><img data-attachment-id=\"288\" data-permalink=\"https:\/\/sascha-urban.de\/?attachment_id=288\" data-orig-file=\"https:\/\/i0.wp.com\/sascha-urban.de\/wp-content\/uploads\/2016\/07\/fluxus3.jpg?fit=629%2C380&amp;ssl=1\" data-orig-size=\"629,380\" data-comments-opened=\"0\" data-image-meta=\"{&quot;aperture&quot;:&quot;0&quot;,&quot;credit&quot;:&quot;&quot;,&quot;camera&quot;:&quot;&quot;,&quot;caption&quot;:&quot;&quot;,&quot;created_timestamp&quot;:&quot;0&quot;,&quot;copyright&quot;:&quot;Ver\\u00f6ffentlichung nur gegen Honorar und Belegexemplar\\nSparkasse Mainz, BLZ 550 501 20\\nKonto    12 000 139&quot;,&quot;focal_length&quot;:&quot;0&quot;,&quot;iso&quot;:&quot;0&quot;,&quot;shutter_speed&quot;:&quot;0&quot;,&quot;title&quot;:&quot;&quot;,&quot;orientation&quot;:&quot;0&quot;}\" data-image-title=\"fluxus3\" data-image-description=\"\" data-image-caption=\"\" data-medium-file=\"https:\/\/i0.wp.com\/sascha-urban.de\/wp-content\/uploads\/2016\/07\/fluxus3.jpg?fit=300%2C181&amp;ssl=1\" data-large-file=\"https:\/\/i0.wp.com\/sascha-urban.de\/wp-content\/uploads\/2016\/07\/fluxus3.jpg?fit=500%2C302&amp;ssl=1\" decoding=\"async\" loading=\"lazy\" class=\"alignnone size-full wp-image-288\" src=\"https:\/\/i0.wp.com\/sascha-urban.de\/wp-content\/uploads\/2016\/07\/fluxus3.jpg?resize=620%2C375\" alt=\"fluxus3\" width=\"620\" height=\"375\" srcset=\"https:\/\/i0.wp.com\/sascha-urban.de\/wp-content\/uploads\/2016\/07\/fluxus3.jpg?w=629&amp;ssl=1 629w, https:\/\/i0.wp.com\/sascha-urban.de\/wp-content\/uploads\/2016\/07\/fluxus3.jpg?resize=300%2C181&amp;ssl=1 300w\" sizes=\"(max-width: 620px) 100vw, 620px\" data-recalc-dims=\"1\" \/> <img data-attachment-id=\"287\" data-permalink=\"https:\/\/sascha-urban.de\/?attachment_id=287\" data-orig-file=\"https:\/\/i0.wp.com\/sascha-urban.de\/wp-content\/uploads\/2016\/07\/Fluxus-Perspektive-Hauptraum-3.jpg?fit=1335%2C890&amp;ssl=1\" data-orig-size=\"1335,890\" data-comments-opened=\"0\" data-image-meta=\"{&quot;aperture&quot;:&quot;0&quot;,&quot;credit&quot;:&quot;Thekenputzer&quot;,&quot;camera&quot;:&quot;&quot;,&quot;caption&quot;:&quot;&quot;,&quot;created_timestamp&quot;:&quot;1338925266&quot;,&quot;copyright&quot;:&quot;&quot;,&quot;focal_length&quot;:&quot;0&quot;,&quot;iso&quot;:&quot;0&quot;,&quot;shutter_speed&quot;:&quot;0&quot;,&quot;title&quot;:&quot;fluxus.pdf&quot;,&quot;orientation&quot;:&quot;1&quot;}\" data-image-title=\"fluxus.pdf\" data-image-description=\"\" data-image-caption=\"\" data-medium-file=\"https:\/\/i0.wp.com\/sascha-urban.de\/wp-content\/uploads\/2016\/07\/Fluxus-Perspektive-Hauptraum-3.jpg?fit=300%2C200&amp;ssl=1\" data-large-file=\"https:\/\/i0.wp.com\/sascha-urban.de\/wp-content\/uploads\/2016\/07\/Fluxus-Perspektive-Hauptraum-3.jpg?fit=500%2C333&amp;ssl=1\" decoding=\"async\" loading=\"lazy\" class=\"alignnone size-large wp-image-287\" src=\"https:\/\/i0.wp.com\/sascha-urban.de\/wp-content\/uploads\/2016\/07\/Fluxus-Perspektive-Hauptraum-3-1024x683.jpg?resize=620%2C414\" alt=\"fluxus.pdf\" width=\"620\" height=\"414\" srcset=\"https:\/\/i0.wp.com\/sascha-urban.de\/wp-content\/uploads\/2016\/07\/Fluxus-Perspektive-Hauptraum-3.jpg?resize=1024%2C683&amp;ssl=1 1024w, https:\/\/i0.wp.com\/sascha-urban.de\/wp-content\/uploads\/2016\/07\/Fluxus-Perspektive-Hauptraum-3.jpg?resize=300%2C200&amp;ssl=1 300w, https:\/\/i0.wp.com\/sascha-urban.de\/wp-content\/uploads\/2016\/07\/Fluxus-Perspektive-Hauptraum-3.jpg?resize=768%2C512&amp;ssl=1 768w, https:\/\/i0.wp.com\/sascha-urban.de\/wp-content\/uploads\/2016\/07\/Fluxus-Perspektive-Hauptraum-3.jpg?resize=840%2C560&amp;ssl=1 840w, https:\/\/i0.wp.com\/sascha-urban.de\/wp-content\/uploads\/2016\/07\/Fluxus-Perspektive-Hauptraum-3.jpg?w=1335&amp;ssl=1 1335w, https:\/\/i0.wp.com\/sascha-urban.de\/wp-content\/uploads\/2016\/07\/Fluxus-Perspektive-Hauptraum-3.jpg?w=1240&amp;ssl=1 1240w\" sizes=\"(max-width: 620px) 100vw, 620px\" data-recalc-dims=\"1\" \/> <img data-attachment-id=\"286\" data-permalink=\"https:\/\/sascha-urban.de\/?attachment_id=286\" data-orig-file=\"https:\/\/i0.wp.com\/sascha-urban.de\/wp-content\/uploads\/2016\/07\/Fluxus-Perspektive-Hauptraum-2.jpg?fit=1340%2C890&amp;ssl=1\" data-orig-size=\"1340,890\" data-comments-opened=\"0\" data-image-meta=\"{&quot;aperture&quot;:&quot;3.5&quot;,&quot;credit&quot;:&quot;&quot;,&quot;camera&quot;:&quot;NIKON D5000&quot;,&quot;caption&quot;:&quot;&quot;,&quot;created_timestamp&quot;:&quot;1338674975&quot;,&quot;copyright&quot;:&quot;&quot;,&quot;focal_length&quot;:&quot;18&quot;,&quot;iso&quot;:&quot;1600&quot;,&quot;shutter_speed&quot;:&quot;0.1&quot;,&quot;title&quot;:&quot;&quot;,&quot;orientation&quot;:&quot;1&quot;}\" data-image-title=\"Fluxus Perspektive Hauptraum 2\" data-image-description=\"\" data-image-caption=\"\" data-medium-file=\"https:\/\/i0.wp.com\/sascha-urban.de\/wp-content\/uploads\/2016\/07\/Fluxus-Perspektive-Hauptraum-2.jpg?fit=300%2C199&amp;ssl=1\" data-large-file=\"https:\/\/i0.wp.com\/sascha-urban.de\/wp-content\/uploads\/2016\/07\/Fluxus-Perspektive-Hauptraum-2.jpg?fit=500%2C332&amp;ssl=1\" decoding=\"async\" loading=\"lazy\" class=\"alignnone size-large wp-image-286\" src=\"https:\/\/i0.wp.com\/sascha-urban.de\/wp-content\/uploads\/2016\/07\/Fluxus-Perspektive-Hauptraum-2-1024x680.jpg?resize=620%2C412\" alt=\"Fluxus Perspektive Hauptraum 2\" width=\"620\" height=\"412\" srcset=\"https:\/\/i0.wp.com\/sascha-urban.de\/wp-content\/uploads\/2016\/07\/Fluxus-Perspektive-Hauptraum-2.jpg?resize=1024%2C680&amp;ssl=1 1024w, https:\/\/i0.wp.com\/sascha-urban.de\/wp-content\/uploads\/2016\/07\/Fluxus-Perspektive-Hauptraum-2.jpg?resize=300%2C199&amp;ssl=1 300w, https:\/\/i0.wp.com\/sascha-urban.de\/wp-content\/uploads\/2016\/07\/Fluxus-Perspektive-Hauptraum-2.jpg?resize=768%2C510&amp;ssl=1 768w, https:\/\/i0.wp.com\/sascha-urban.de\/wp-content\/uploads\/2016\/07\/Fluxus-Perspektive-Hauptraum-2.jpg?resize=840%2C558&amp;ssl=1 840w, https:\/\/i0.wp.com\/sascha-urban.de\/wp-content\/uploads\/2016\/07\/Fluxus-Perspektive-Hauptraum-2.jpg?w=1340&amp;ssl=1 1340w, https:\/\/i0.wp.com\/sascha-urban.de\/wp-content\/uploads\/2016\/07\/Fluxus-Perspektive-Hauptraum-2.jpg?w=1240&amp;ssl=1 1240w\" sizes=\"(max-width: 620px) 100vw, 620px\" data-recalc-dims=\"1\" \/> <img data-attachment-id=\"285\" data-permalink=\"https:\/\/sascha-urban.de\/?attachment_id=285\" data-orig-file=\"https:\/\/i0.wp.com\/sascha-urban.de\/wp-content\/uploads\/2016\/07\/Fluxus-Perspektive-Hauptraum-1-e1470076865650.jpg?fit=670%2C445&amp;ssl=1\" data-orig-size=\"670,445\" data-comments-opened=\"0\" data-image-meta=\"{&quot;aperture&quot;:&quot;7.1&quot;,&quot;credit&quot;:&quot;&quot;,&quot;camera&quot;:&quot;NIKON D5000&quot;,&quot;caption&quot;:&quot;&quot;,&quot;created_timestamp&quot;:&quot;1338668419&quot;,&quot;copyright&quot;:&quot;&quot;,&quot;focal_length&quot;:&quot;18&quot;,&quot;iso&quot;:&quot;1600&quot;,&quot;shutter_speed&quot;:&quot;0.2&quot;,&quot;title&quot;:&quot;&quot;,&quot;orientation&quot;:&quot;1&quot;}\" data-image-title=\"Fluxus Perspektive Hauptraum 1\" data-image-description=\"\" data-image-caption=\"\" data-medium-file=\"https:\/\/i0.wp.com\/sascha-urban.de\/wp-content\/uploads\/2016\/07\/Fluxus-Perspektive-Hauptraum-1-e1470076865650.jpg?fit=300%2C199&amp;ssl=1\" data-large-file=\"https:\/\/i0.wp.com\/sascha-urban.de\/wp-content\/uploads\/2016\/07\/Fluxus-Perspektive-Hauptraum-1-e1470076865650.jpg?fit=500%2C332&amp;ssl=1\" decoding=\"async\" loading=\"lazy\" class=\"alignnone size-large wp-image-285\" src=\"https:\/\/i0.wp.com\/sascha-urban.de\/wp-content\/uploads\/2016\/07\/Fluxus-Perspektive-Hauptraum-1-1024x680.jpg?resize=620%2C412\" alt=\"Fluxus Perspektive Hauptraum 1\" width=\"620\" height=\"412\" data-recalc-dims=\"1\" \/><\/p>\n<p>Die Ausstellung versetzte den Besucher in eine skurrile Welt, die mit der Realit\u00e4t aneckte.\u00a0 Das Ergebnis wurde hinterfragt und kritisiert. Was im ersten Moment aber wie ein Scheitern wirkte, war bei n\u00e4herer Betrachtung ein voller Erfolg. Die Ausstellung transportierte genau das Gef\u00fchl der Anf\u00e4nge von Fluxus in das Diesseits. Man hatte von uns Anderes erwartet, doch wir haben die Besucher \u00fcberrascht!<\/p>\n<p><!--more--><\/p>\n<p class=\"jetpack-slideshow-noscript robots-nocontent\">Diese Diashow ben\u00f6tigt JavaScript.<\/p><div id=\"gallery-382-1-slideshow\" class=\"slideshow-window jetpack-slideshow slideshow-black\" data-trans=\"fade\" data-autostart=\"1\" data-gallery=\"[{&quot;src&quot;:&quot;https:\\\/\\\/i0.wp.com\\\/sascha-urban.de\\\/wp-content\\\/uploads\\\/2016\\\/07\\\/fluxus7.jpg?fit=788%2C380\\u0026ssl=1&quot;,&quot;id&quot;:&quot;289&quot;,&quot;title&quot;:&quot;fluxus7&quot;,&quot;alt&quot;:&quot;&quot;,&quot;caption&quot;:&quot;&quot;,&quot;itemprop&quot;:&quot;image&quot;},{&quot;src&quot;:&quot;https:\\\/\\\/i0.wp.com\\\/sascha-urban.de\\\/wp-content\\\/uploads\\\/2016\\\/07\\\/fluxus3.jpg?fit=629%2C380\\u0026ssl=1&quot;,&quot;id&quot;:&quot;288&quot;,&quot;title&quot;:&quot;fluxus3&quot;,&quot;alt&quot;:&quot;&quot;,&quot;caption&quot;:&quot;&quot;,&quot;itemprop&quot;:&quot;image&quot;},{&quot;src&quot;:&quot;https:\\\/\\\/i0.wp.com\\\/sascha-urban.de\\\/wp-content\\\/uploads\\\/2016\\\/07\\\/Fluxus-Perspektive-Hauptraum-3.jpg?fit=1335%2C890\\u0026ssl=1&quot;,&quot;id&quot;:&quot;287&quot;,&quot;title&quot;:&quot;fluxus.pdf&quot;,&quot;alt&quot;:&quot;&quot;,&quot;caption&quot;:&quot;&quot;,&quot;itemprop&quot;:&quot;image&quot;},{&quot;src&quot;:&quot;https:\\\/\\\/i0.wp.com\\\/sascha-urban.de\\\/wp-content\\\/uploads\\\/2016\\\/07\\\/Fluxus-Perspektive-Hauptraum-2.jpg?fit=1340%2C890\\u0026ssl=1&quot;,&quot;id&quot;:&quot;286&quot;,&quot;title&quot;:&quot;Fluxus Perspektive Hauptraum 2&quot;,&quot;alt&quot;:&quot;&quot;,&quot;caption&quot;:&quot;&quot;,&quot;itemprop&quot;:&quot;image&quot;},{&quot;src&quot;:&quot;https:\\\/\\\/i0.wp.com\\\/sascha-urban.de\\\/wp-content\\\/uploads\\\/2016\\\/07\\\/Fluxus-Perspektive-Hauptraum-1-e1470076865650.jpg?fit=670%2C445\\u0026ssl=1&quot;,&quot;id&quot;:&quot;285&quot;,&quot;title&quot;:&quot;Fluxus Perspektive Hauptraum 1&quot;,&quot;alt&quot;:&quot;&quot;,&quot;caption&quot;:&quot;&quot;,&quot;itemprop&quot;:&quot;image&quot;},{&quot;src&quot;:&quot;https:\\\/\\\/i0.wp.com\\\/sascha-urban.de\\\/wp-content\\\/uploads\\\/2016\\\/07\\\/Fluxus-live-dokumentiertCollage.jpg?fit=1311%2C890\\u0026ssl=1&quot;,&quot;id&quot;:&quot;284&quot;,&quot;title&quot;:&quot;Fluxus live dokumentiertCollage&quot;,&quot;alt&quot;:&quot;&quot;,&quot;caption&quot;:&quot;&quot;,&quot;itemprop&quot;:&quot;image&quot;},{&quot;src&quot;:&quot;https:\\\/\\\/i0.wp.com\\\/sascha-urban.de\\\/wp-content\\\/uploads\\\/2016\\\/07\\\/Fluxus-Fernseh-Hauptraum.jpg?fit=670%2C445\\u0026ssl=1&quot;,&quot;id&quot;:&quot;283&quot;,&quot;title&quot;:&quot;Fluxus Fernseh Hauptraum&quot;,&quot;alt&quot;:&quot;&quot;,&quot;caption&quot;:&quot;&quot;,&quot;itemprop&quot;:&quot;image&quot;},{&quot;src&quot;:&quot;https:\\\/\\\/i0.wp.com\\\/sascha-urban.de\\\/wp-content\\\/uploads\\\/2016\\\/07\\\/Fluxus-live-dokumentiert.jpg?fit=1340%2C890\\u0026ssl=1&quot;,&quot;id&quot;:&quot;282&quot;,&quot;title&quot;:&quot;Fluxus live dokumentiert&quot;,&quot;alt&quot;:&quot;&quot;,&quot;caption&quot;:&quot;&quot;,&quot;itemprop&quot;:&quot;image&quot;}]\" itemscope itemtype=\"https:\/\/schema.org\/ImageGallery\"><\/div>\n","protected":false},"excerpt":{"rendered":"<p>Fluxus &#8211; live dokumentiert Zum 50 j\u00e4hrigen Jubil\u00e4um von Fluxus wurden weltweit Austellungen organisiert. Ein Gro\u00dfteil fand in der Geburtsstadt Wiesbaden statt. Wir bespielten mit unterschiedlichen Ans\u00e4tzen das&#8230;<\/p>\n","protected":false},"author":1,"featured_media":285,"comment_status":"closed","ping_status":"open","sticky":false,"template":"","format":"standard","meta":{"spay_email":"","footnotes":"","jetpack_publicize_message":"","jetpack_is_tweetstorm":false,"jetpack_publicize_feature_enabled":true},"categories":[11,1],"tags":[],"jetpack_featured_media_url":"https:\/\/i0.wp.com\/sascha-urban.de\/wp-content\/uploads\/2016\/07\/Fluxus-Perspektive-Hauptraum-1-e1470076865650.jpg?fit=670%2C445&ssl=1","jetpack_publicize_connections":[],"jetpack_sharing_enabled":true,"jetpack_shortlink":"https:\/\/wp.me\/s7xkRg-fluxus","jetpack-related-posts":[{"id":1089,"url":"https:\/\/sascha-urban.de\/?p=1089","url_meta":{"origin":382,"position":0},"title":"Geiger Raumkonzepte","date":"Januar 5, 2021","format":false,"excerpt":"Ich arbeitete 3 Jahre bei der Firma Geiger Raumkonzepte in Wiesbaden (Wolfach in Baden-W\u00fcrttemberg). In dieser Zeit sammelte ich im Innenausbau,\u00a0 im M\u00f6belbau sowie in der Bauleitung Erfahrungen Projekte K\u00fcche Steinbach \u00a0 \u00a0 \u00a0 \u00a0 \u00a0 \u00a0 \u00a0 \u00a0 \u00a0 \u00a0 \u00a0 \u00a0","rel":"","context":"In &quot;M\u00f6beldesign&quot;","img":{"alt_text":"","src":"https:\/\/i0.wp.com\/sascha-urban.de\/wp-content\/uploads\/2021\/01\/Tischecke.jpg?fit=1200%2C800&ssl=1&resize=350%2C200","width":350,"height":200},"classes":[]},{"id":380,"url":"https:\/\/sascha-urban.de\/?p=380","url_meta":{"origin":382,"position":1},"title":"Bed&#038;Bunker","date":"Juli 28, 2016","format":false,"excerpt":"\u00dcber 30 000 Bunker pr\u00e4gen das Landschaftsbild des kleinen Staates Albanien. Man findet diese in den Bergen, St\u00e4dten, D\u00f6rfen und auch an den K\u00fcsten.\u00a0 Bis heute bleiben diese Zeitzeugen einer d\u00fcsteren Vergangenheit als ungewollte Mahnmale im Landschaftsbild dieses Landes zur\u00fcck.\u00a0 bed&bunker hauchte diesen grauen Grabsteinen wieder neues Leben ein! bed&bunker\u2026","rel":"","context":"In &quot;Raumentwurf&quot;","img":{"alt_text":"","src":"https:\/\/i0.wp.com\/sascha-urban.de\/wp-content\/uploads\/2016\/07\/IMG_8034-e1470077085874.jpg?fit=750%2C500&ssl=1&resize=350%2C200","width":350,"height":200},"classes":[]},{"id":384,"url":"https:\/\/sascha-urban.de\/?p=384","url_meta":{"origin":382,"position":2},"title":"GardenConnection","date":"Juli 27, 2017","format":false,"excerpt":"GardenConnection ist eine utopische Idee eines inklusiven Desgins. Durch gezieltes setzen von Spielregeln hebe ich die Welt der Schubladen aus. In unserer Gesellschaft versuchen wir viel zu oft Menschen und allt\u00e4gliches zu kategoriesieren weil es uns unterst\u00fctzt Dinge zu verstehen die wir nicht verstehen, Regeln und Grenzen zu setzen damit\u2026","rel":"","context":"In &quot;Partizipation&quot;","img":{"alt_text":"","src":"https:\/\/i0.wp.com\/sascha-urban.de\/wp-content\/uploads\/2016\/07\/GardenConnection_Abgabepl\u00e4ne_Urban-Masterthesis-2015-1614-e1470077510792.jpg?fit=707%2C500&ssl=1&resize=350%2C200","width":350,"height":200},"classes":[]},{"id":1104,"url":"https:\/\/sascha-urban.de\/?p=1104","url_meta":{"origin":382,"position":3},"title":"Der kleine Achilles","date":"Januar 5, 2021","format":false,"excerpt":"Der kleine Achilles ist ein Filmprojekt von Sebastian Jansen. Ich hatte hier die M\u00f6glichkeit mit Annkristin B\u00fcttner zusammen das Szenenbild zu erstellen. Wir haben gemeissam den Entwurf\u00a0 und den Aufbau umgesetzt. Das war eine sehr spannende Erfahrung weil ich mich auf diesem Gebiet nichtauskannte. Der kleine Achilles - Ein Kinderfilm\u2026","rel":"","context":"\u00c4hnlicher Beitrag","img":{"alt_text":"","src":"https:\/\/i0.wp.com\/sascha-urban.de\/wp-content\/uploads\/2021\/01\/Achilles_01.jpg?fit=1200%2C221&ssl=1&resize=350%2C200","width":350,"height":200},"classes":[]},{"id":1015,"url":"https:\/\/sascha-urban.de\/?p=1015","url_meta":{"origin":382,"position":4},"title":"Linked","date":"Juni 11, 2020","format":false,"excerpt":"\u00a0 Linked war das Luminaleprojekt 2020 von der Hochschule Mainz. 15 Masterstudenten haben einen Teil des Historischen Museums Frankfurt in eine Interaktive Installation umgewandelt. Info: Facebook Instagram \u00a0 Das Objekt selber besteht aus zwei Teilen. Die Voragabe war planare Platten zu f\u00fcgen und in eine spannende Form zu bringen. Es\u2026","rel":"","context":"In &quot;Digitaleentw\u00fcrfe&quot;","img":{"alt_text":"","src":"https:\/\/i0.wp.com\/sascha-urban.de\/wp-content\/uploads\/2020\/06\/Linked-Eingang.jpg?fit=600%2C900&ssl=1&resize=350%2C200","width":350,"height":200},"classes":[]},{"id":369,"url":"https:\/\/sascha-urban.de\/?p=369","url_meta":{"origin":382,"position":5},"title":"Loungebarrow","date":"Juli 28, 2016","format":false,"excerpt":"Ein Arbeitssessel, ein Strandkorb, eine Lesezone oder der Partylounger, Hauptsache mobil. Der loungebarrow ist der mobile Sessel f\u00fcr so einige Gelegenheiten, die uns im Alltag begenen. Doch die Quintessenz war nicht, einen l\u00e4ssigen R\u00fcckzugsort zu konstruieren, vielmehr war es der Umgang mit der Transformation! M\u00f6belprojekt \u00a0 \u00a0 \u00a0 \u00a0 Der\u2026","rel":"","context":"In &quot;M\u00f6beldesign&quot;","img":{"alt_text":"Urban_Wirwall_Loungebarrow_10","src":"https:\/\/i0.wp.com\/sascha-urban.de\/wp-content\/uploads\/2016\/05\/Urban_Wirwall_Loungebarrow_10.gif?fit=886%2C886&ssl=1&resize=350%2C200","width":350,"height":200},"classes":[]}],"_links":{"self":[{"href":"https:\/\/sascha-urban.de\/index.php?rest_route=\/wp\/v2\/posts\/382"}],"collection":[{"href":"https:\/\/sascha-urban.de\/index.php?rest_route=\/wp\/v2\/posts"}],"about":[{"href":"https:\/\/sascha-urban.de\/index.php?rest_route=\/wp\/v2\/types\/post"}],"author":[{"embeddable":true,"href":"https:\/\/sascha-urban.de\/index.php?rest_route=\/wp\/v2\/users\/1"}],"replies":[{"embeddable":true,"href":"https:\/\/sascha-urban.de\/index.php?rest_route=%2Fwp%2Fv2%2Fcomments&post=382"}],"version-history":[{"count":12,"href":"https:\/\/sascha-urban.de\/index.php?rest_route=\/wp\/v2\/posts\/382\/revisions"}],"predecessor-version":[{"id":897,"href":"https:\/\/sascha-urban.de\/index.php?rest_route=\/wp\/v2\/posts\/382\/revisions\/897"}],"wp:featuredmedia":[{"embeddable":true,"href":"https:\/\/sascha-urban.de\/index.php?rest_route=\/wp\/v2\/media\/285"}],"wp:attachment":[{"href":"https:\/\/sascha-urban.de\/index.php?rest_route=%2Fwp%2Fv2%2Fmedia&parent=382"}],"wp:term":[{"taxonomy":"category","embeddable":true,"href":"https:\/\/sascha-urban.de\/index.php?rest_route=%2Fwp%2Fv2%2Fcategories&post=382"},{"taxonomy":"post_tag","embeddable":true,"href":"https:\/\/sascha-urban.de\/index.php?rest_route=%2Fwp%2Fv2%2Ftags&post=382"}],"curies":[{"name":"wp","href":"https:\/\/api.w.org\/{rel}","templated":true}]}}