{"id":735,"date":"2017-03-15T22:33:24","date_gmt":"2017-03-15T22:33:24","guid":{"rendered":"http:\/\/sascha-urban.de\/?p=735"},"modified":"2019-05-12T06:18:40","modified_gmt":"2019-05-12T06:18:40","slug":"spanwerk-05","status":"publish","type":"post","link":"https:\/\/sascha-urban.de\/?p=735","title":{"rendered":"Spanwerk 05"},"content":{"rendered":"<p><span style=\"font-family: courier new,courier,monospace;\">Klemmbrett ist ein Stecksystem aus einfachen Baumarktlatten und gefr\u00e4sten Haltern. Auch bei diesem System lag der Fokus auf einer nicht verleimten und einfach gesteckten Verbindung. Dabei handelt es sich hier um den ersten Prototyp. Das Material von den Haltern ist noch nicht vollst\u00e4ndig gekl\u00e4rt. Die CNC hat hier auch wieder gute Dienste geleistet und bietet immer wieder gute und schnelle L\u00f6sungen f\u00fcr diese Entw\u00fcrfe.<\/span><\/p>\n<p><!--more--><\/p>\n<h3>Klemmbrett<\/h3>\n<p><a href=\"https:\/\/i0.wp.com\/sascha-urban.de\/wp-content\/uploads\/2017\/03\/02_Front_B.gif\"><img data-attachment-id=\"756\" data-permalink=\"https:\/\/sascha-urban.de\/?attachment_id=756\" data-orig-file=\"https:\/\/i0.wp.com\/sascha-urban.de\/wp-content\/uploads\/2017\/03\/02_Front_B.gif?fit=800%2C533&amp;ssl=1\" data-orig-size=\"800,533\" data-comments-opened=\"0\" data-image-meta=\"{&quot;aperture&quot;:&quot;0&quot;,&quot;credit&quot;:&quot;&quot;,&quot;camera&quot;:&quot;&quot;,&quot;caption&quot;:&quot;&quot;,&quot;created_timestamp&quot;:&quot;0&quot;,&quot;copyright&quot;:&quot;&quot;,&quot;focal_length&quot;:&quot;0&quot;,&quot;iso&quot;:&quot;0&quot;,&quot;shutter_speed&quot;:&quot;0&quot;,&quot;title&quot;:&quot;&quot;,&quot;orientation&quot;:&quot;0&quot;}\" data-image-title=\"02_Front_B\" data-image-description=\"\" data-image-caption=\"\" data-medium-file=\"https:\/\/i0.wp.com\/sascha-urban.de\/wp-content\/uploads\/2017\/03\/02_Front_B.gif?fit=300%2C200&amp;ssl=1\" data-large-file=\"https:\/\/i0.wp.com\/sascha-urban.de\/wp-content\/uploads\/2017\/03\/02_Front_B.gif?fit=500%2C333&amp;ssl=1\" decoding=\"async\" loading=\"lazy\" class=\"alignnone size-full wp-image-756\" src=\"https:\/\/i0.wp.com\/sascha-urban.de\/wp-content\/uploads\/2017\/03\/02_Front_B.gif?resize=620%2C413\" alt=\"02_Front_B\" width=\"620\" height=\"413\" data-recalc-dims=\"1\" \/><\/a><\/p>\n<p><a href=\"https:\/\/i0.wp.com\/sascha-urban.de\/wp-content\/uploads\/2017\/03\/02_Seitlich.gif\"><img data-attachment-id=\"759\" data-permalink=\"https:\/\/sascha-urban.de\/?attachment_id=759\" data-orig-file=\"https:\/\/i0.wp.com\/sascha-urban.de\/wp-content\/uploads\/2017\/03\/02_Seitlich.gif?fit=533%2C800&amp;ssl=1\" data-orig-size=\"533,800\" data-comments-opened=\"0\" data-image-meta=\"{&quot;aperture&quot;:&quot;0&quot;,&quot;credit&quot;:&quot;&quot;,&quot;camera&quot;:&quot;&quot;,&quot;caption&quot;:&quot;&quot;,&quot;created_timestamp&quot;:&quot;0&quot;,&quot;copyright&quot;:&quot;&quot;,&quot;focal_length&quot;:&quot;0&quot;,&quot;iso&quot;:&quot;0&quot;,&quot;shutter_speed&quot;:&quot;0&quot;,&quot;title&quot;:&quot;&quot;,&quot;orientation&quot;:&quot;0&quot;}\" data-image-title=\"02_Seitlich\" data-image-description=\"\" data-image-caption=\"\" data-medium-file=\"https:\/\/i0.wp.com\/sascha-urban.de\/wp-content\/uploads\/2017\/03\/02_Seitlich.gif?fit=200%2C300&amp;ssl=1\" data-large-file=\"https:\/\/i0.wp.com\/sascha-urban.de\/wp-content\/uploads\/2017\/03\/02_Seitlich.gif?fit=333%2C500&amp;ssl=1\" decoding=\"async\" loading=\"lazy\" class=\"size-full wp-image-759 alignright\" src=\"https:\/\/i0.wp.com\/sascha-urban.de\/wp-content\/uploads\/2017\/03\/02_Seitlich.gif?resize=533%2C800\" alt=\"02_Seitlich\" width=\"533\" height=\"800\" data-recalc-dims=\"1\" \/><\/a><\/p>\n<blockquote><p>Die sch\u00f6nsten Verbindungen kommen ohne Klebstoffe aus. Selbst gutausgearbeitete Zinkungen m\u00fcssen nicht geleimt werden!<\/p><\/blockquote>\n<p><a href=\"https:\/\/i0.wp.com\/sascha-urban.de\/wp-content\/uploads\/2017\/03\/02_Front_Detail.gif\"><img data-attachment-id=\"757\" data-permalink=\"https:\/\/sascha-urban.de\/?attachment_id=757\" data-orig-file=\"https:\/\/i0.wp.com\/sascha-urban.de\/wp-content\/uploads\/2017\/03\/02_Front_Detail.gif?fit=800%2C533&amp;ssl=1\" data-orig-size=\"800,533\" data-comments-opened=\"0\" data-image-meta=\"{&quot;aperture&quot;:&quot;0&quot;,&quot;credit&quot;:&quot;&quot;,&quot;camera&quot;:&quot;&quot;,&quot;caption&quot;:&quot;&quot;,&quot;created_timestamp&quot;:&quot;0&quot;,&quot;copyright&quot;:&quot;&quot;,&quot;focal_length&quot;:&quot;0&quot;,&quot;iso&quot;:&quot;0&quot;,&quot;shutter_speed&quot;:&quot;0&quot;,&quot;title&quot;:&quot;&quot;,&quot;orientation&quot;:&quot;0&quot;}\" data-image-title=\"02_Front_Detail\" data-image-description=\"\" data-image-caption=\"\" data-medium-file=\"https:\/\/i0.wp.com\/sascha-urban.de\/wp-content\/uploads\/2017\/03\/02_Front_Detail.gif?fit=300%2C200&amp;ssl=1\" data-large-file=\"https:\/\/i0.wp.com\/sascha-urban.de\/wp-content\/uploads\/2017\/03\/02_Front_Detail.gif?fit=500%2C333&amp;ssl=1\" decoding=\"async\" loading=\"lazy\" class=\"alignnone size-full wp-image-757\" src=\"https:\/\/i0.wp.com\/sascha-urban.de\/wp-content\/uploads\/2017\/03\/02_Front_Detail.gif?resize=620%2C413\" alt=\"02_Front_Detail\" width=\"620\" height=\"413\" data-recalc-dims=\"1\" \/><\/a><\/p>\n<p><span style=\"font-family: courier new,courier,monospace;\">Die Halter sind aus 3-Schichtplatten gefr\u00e4st. Hier k\u00f6nnte man sich ein anders Material vorstellen. Weitaus wichtiger ist nun der Aufbau. Bisher sind Die Halter einfache Klemmen aber auch diese Klemmen k\u00f6nnen das Grundger\u00fcst des Regals bilden. Das w\u00e4re dann der n\u00e4chste Prototyp.<\/span><\/p>\n<blockquote><p>Mir macht es Spa\u00df System zu entwickeln bei denen der Kunde auch etwas gefordert wird!<\/p><\/blockquote>\n<p><a href=\"https:\/\/i0.wp.com\/sascha-urban.de\/wp-content\/uploads\/2017\/03\/02_Front_persperktive_B.gif\"><img data-attachment-id=\"758\" data-permalink=\"https:\/\/sascha-urban.de\/?attachment_id=758\" data-orig-file=\"https:\/\/i0.wp.com\/sascha-urban.de\/wp-content\/uploads\/2017\/03\/02_Front_persperktive_B.gif?fit=800%2C533&amp;ssl=1\" data-orig-size=\"800,533\" data-comments-opened=\"0\" data-image-meta=\"{&quot;aperture&quot;:&quot;0&quot;,&quot;credit&quot;:&quot;&quot;,&quot;camera&quot;:&quot;&quot;,&quot;caption&quot;:&quot;&quot;,&quot;created_timestamp&quot;:&quot;0&quot;,&quot;copyright&quot;:&quot;&quot;,&quot;focal_length&quot;:&quot;0&quot;,&quot;iso&quot;:&quot;0&quot;,&quot;shutter_speed&quot;:&quot;0&quot;,&quot;title&quot;:&quot;&quot;,&quot;orientation&quot;:&quot;0&quot;}\" data-image-title=\"02_Front_persperktive_B\" data-image-description=\"\" data-image-caption=\"\" data-medium-file=\"https:\/\/i0.wp.com\/sascha-urban.de\/wp-content\/uploads\/2017\/03\/02_Front_persperktive_B.gif?fit=300%2C200&amp;ssl=1\" data-large-file=\"https:\/\/i0.wp.com\/sascha-urban.de\/wp-content\/uploads\/2017\/03\/02_Front_persperktive_B.gif?fit=500%2C333&amp;ssl=1\" decoding=\"async\" loading=\"lazy\" class=\"alignnone size-full wp-image-758\" src=\"https:\/\/i0.wp.com\/sascha-urban.de\/wp-content\/uploads\/2017\/03\/02_Front_persperktive_B.gif?resize=620%2C413\" alt=\"02_Front_persperktive_B\" width=\"620\" height=\"413\" data-recalc-dims=\"1\" \/><\/a><\/p>\n","protected":false},"excerpt":{"rendered":"<p>Klemmbrett ist ein Stecksystem aus einfachen Baumarktlatten und gefr\u00e4sten Haltern. Auch bei diesem System lag der Fokus auf einer nicht verleimten und einfach gesteckten Verbindung. Dabei handelt es&#8230;<\/p>\n","protected":false},"author":1,"featured_media":737,"comment_status":"closed","ping_status":"open","sticky":false,"template":"","format":"standard","meta":{"spay_email":"","footnotes":"","jetpack_publicize_message":"","jetpack_is_tweetstorm":false,"jetpack_publicize_feature_enabled":true},"categories":[9,12,159],"tags":[],"jetpack_featured_media_url":"https:\/\/i0.wp.com\/sascha-urban.de\/wp-content\/uploads\/2017\/03\/Klemmbrett01.gif?fit=800%2C533&ssl=1","jetpack_publicize_connections":[],"jetpack_sharing_enabled":true,"jetpack_shortlink":"https:\/\/wp.me\/p7xkRg-bR","jetpack-related-posts":[{"id":395,"url":"https:\/\/sascha-urban.de\/?p=395","url_meta":{"origin":735,"position":0},"title":"Spanwerk &#8211; 02","date":"August 2, 2016","format":false,"excerpt":"Eines meiner Hobbys ist Longboard fahren. Daher suchte ich eine L\u00f6sung f\u00fcr eine Aufh\u00e4ngung in der Wohnung. Bisherige Halter legen die Bords quer, oftmals hat das den Grund die verzierte Unterseite zu eigen. Ich stellte das hinten an und besch\u00e4ftigte mich mit folgenden Faktoren. Unterschiedliche Achsbreiten, die dazugeh\u00f6rige Justierung und\u2026","rel":"","context":"In &quot;M\u00f6beldesign&quot;","img":{"alt_text":"","src":"https:\/\/i0.wp.com\/sascha-urban.de\/wp-content\/uploads\/2016\/08\/fraesen_04.gif?fit=600%2C800&ssl=1&resize=350%2C200","width":350,"height":200},"classes":[]},{"id":776,"url":"https:\/\/sascha-urban.de\/?p=776","url_meta":{"origin":735,"position":1},"title":"Robolab","date":"April 23, 2017","format":false,"excerpt":"Das Robolab ist ein durch die Carl-Zeiss-Stiftung finanzierte Laboratorium an der Hochschule Mainz. Es ist in die Modellbauwerkstatt integriert und bildet den modernsten und neusten Teil der Werkstatt.\u00a0 Seit dem Mai 2016 bin ich nun haupts\u00e4chlich an der Planung und Ausarbeitung dieses Traktes verantwortlich gewesen. Seit Novermber 2016 ist das\u2026","rel":"","context":"In &quot;Architektur&quot;","img":{"alt_text":"","src":"https:\/\/i0.wp.com\/sascha-urban.de\/wp-content\/uploads\/2017\/04\/Robolab_Fr\u00e4szelle_V03.gif?fit=800%2C754&ssl=1&resize=350%2C200","width":350,"height":200},"classes":[]},{"id":384,"url":"https:\/\/sascha-urban.de\/?p=384","url_meta":{"origin":735,"position":2},"title":"GardenConnection","date":"Juli 27, 2017","format":false,"excerpt":"GardenConnection ist eine utopische Idee eines inklusiven Desgins. Durch gezieltes setzen von Spielregeln hebe ich die Welt der Schubladen aus. In unserer Gesellschaft versuchen wir viel zu oft Menschen und allt\u00e4gliches zu kategoriesieren weil es uns unterst\u00fctzt Dinge zu verstehen die wir nicht verstehen, Regeln und Grenzen zu setzen damit\u2026","rel":"","context":"In &quot;Partizipation&quot;","img":{"alt_text":"","src":"https:\/\/i0.wp.com\/sascha-urban.de\/wp-content\/uploads\/2016\/07\/GardenConnection_Abgabepl\u00e4ne_Urban-Masterthesis-2015-1614-e1470077510792.jpg?fit=707%2C500&ssl=1&resize=350%2C200","width":350,"height":200},"classes":[]},{"id":853,"url":"https:\/\/sascha-urban.de\/?p=853","url_meta":{"origin":735,"position":3},"title":"Platte Deluxe","date":"Mai 12, 2019","format":false,"excerpt":"Bei PlatteDeluxe handelt es sich um meinen ersten M\u00f6belkurs. Hier betreute ich zusammen mit Andreas Kulp das erste Semester der Hochschule Mainz. Aufgabe PlatteDeluxe Projekt 1 MDFire geflammte Oberfl\u00e4che Katrina Tober und Anna Schulte bearbeitete MDF mit Hilfe eines Gasbrenners. Durch das Erhitzen brach die Oberfl\u00e4chenstruktur eindrucksvoll. Fast Lederartig zeigt\u2026","rel":"","context":"In &quot;Lehre&quot;","img":{"alt_text":"","src":"https:\/\/i0.wp.com\/sascha-urban.de\/wp-content\/uploads\/2019\/05\/PlatteDeluxe.jpg?fit=1200%2C675&ssl=1&resize=350%2C200","width":350,"height":200},"classes":[]},{"id":380,"url":"https:\/\/sascha-urban.de\/?p=380","url_meta":{"origin":735,"position":4},"title":"Bed&#038;Bunker","date":"Juli 28, 2016","format":false,"excerpt":"\u00dcber 30 000 Bunker pr\u00e4gen das Landschaftsbild des kleinen Staates Albanien. Man findet diese in den Bergen, St\u00e4dten, D\u00f6rfen und auch an den K\u00fcsten.\u00a0 Bis heute bleiben diese Zeitzeugen einer d\u00fcsteren Vergangenheit als ungewollte Mahnmale im Landschaftsbild dieses Landes zur\u00fcck.\u00a0 bed&bunker hauchte diesen grauen Grabsteinen wieder neues Leben ein! bed&bunker\u2026","rel":"","context":"In &quot;Raumentwurf&quot;","img":{"alt_text":"","src":"https:\/\/i0.wp.com\/sascha-urban.de\/wp-content\/uploads\/2016\/07\/IMG_8034-e1470077085874.jpg?fit=750%2C500&ssl=1&resize=350%2C200","width":350,"height":200},"classes":[]},{"id":403,"url":"https:\/\/sascha-urban.de\/?p=403","url_meta":{"origin":735,"position":5},"title":"Saint Gobain","date":"August 2, 2016","format":false,"excerpt":"Glas ist ein Produkt, das uns allt\u00e4glich umgibt. Es gilt schon fast als selbstverst\u00e4ndlich. Wir hatten das Gl\u00fcck in die Produktwelt der Firma Saint Gobain einzutauchen. So entstanden ganz neue Eindr\u00fccke der Glasherstellungen. Welche Verfahren und welche Unterschiede in der Herstellung es gibt. Produktentwurf Zusammenarbeit mit Franziska Mammitzsch und Bernd\u2026","rel":"","context":"In &quot;Produkt&quot;","img":{"alt_text":"","src":"https:\/\/i0.wp.com\/sascha-urban.de\/wp-content\/uploads\/2016\/07\/Mannheim_Fluid_flie\u00dft2-e1470855511800.jpg?fit=749%2C500&ssl=1&resize=350%2C200","width":350,"height":200},"classes":[]}],"_links":{"self":[{"href":"https:\/\/sascha-urban.de\/index.php?rest_route=\/wp\/v2\/posts\/735"}],"collection":[{"href":"https:\/\/sascha-urban.de\/index.php?rest_route=\/wp\/v2\/posts"}],"about":[{"href":"https:\/\/sascha-urban.de\/index.php?rest_route=\/wp\/v2\/types\/post"}],"author":[{"embeddable":true,"href":"https:\/\/sascha-urban.de\/index.php?rest_route=\/wp\/v2\/users\/1"}],"replies":[{"embeddable":true,"href":"https:\/\/sascha-urban.de\/index.php?rest_route=%2Fwp%2Fv2%2Fcomments&post=735"}],"version-history":[{"count":5,"href":"https:\/\/sascha-urban.de\/index.php?rest_route=\/wp\/v2\/posts\/735\/revisions"}],"predecessor-version":[{"id":892,"href":"https:\/\/sascha-urban.de\/index.php?rest_route=\/wp\/v2\/posts\/735\/revisions\/892"}],"wp:featuredmedia":[{"embeddable":true,"href":"https:\/\/sascha-urban.de\/index.php?rest_route=\/wp\/v2\/media\/737"}],"wp:attachment":[{"href":"https:\/\/sascha-urban.de\/index.php?rest_route=%2Fwp%2Fv2%2Fmedia&parent=735"}],"wp:term":[{"taxonomy":"category","embeddable":true,"href":"https:\/\/sascha-urban.de\/index.php?rest_route=%2Fwp%2Fv2%2Fcategories&post=735"},{"taxonomy":"post_tag","embeddable":true,"href":"https:\/\/sascha-urban.de\/index.php?rest_route=%2Fwp%2Fv2%2Ftags&post=735"}],"curies":[{"name":"wp","href":"https:\/\/api.w.org\/{rel}","templated":true}]}}